
{"id":7564,"date":"2023-08-30T23:14:00","date_gmt":"2023-08-30T21:14:00","guid":{"rendered":"https:\/\/www.handsoffvenezuela.nl\/?p=7564"},"modified":"2023-09-06T23:19:11","modified_gmt":"2023-09-06T21:19:11","slug":"vs-niet-bereid-om-betrekkingen-met-cuba-te-verbeteren","status":"publish","type":"post","link":"https:\/\/www.handsoffvenezuela.nl\/index.php\/2023\/08\/vs-niet-bereid-om-betrekkingen-met-cuba-te-verbeteren\/","title":{"rendered":"VS &#8220;niet bereid&#8221; om betrekkingen met Cuba te verbeteren"},"content":{"rendered":"\n<pre class=\"wp-block-preformatted\">Bron: Luis De Jesus Reyes, \nClaridad 29 augustus 2023 (SP) \npeoplesdispatch.org 30 augustus 2023 (EN)  ~~~ <\/pre>\n\n\n\n<p><strong>In een interview met de Amerikaanse zender MSNBC bekritiseerde de Cubaanse ambtenaar Carlos Fern\u00e1ndez de Coss\u00edo de passiviteit van de regering Biden om de betrekkingen tussen de twee landen te verbeteren.<\/strong><\/p>\n\n\n\n<p>De Cubaanse onderminister van Buitenlandse Zaken Carlos Fern\u00e1ndez de Coss\u00edo vertelde aan de Amerikaanse media MSNBC dat het staatshoofd, na twee\u00ebnhalf jaar presidentschap van de Amerikaanse president Joe Biden, niet de wil heeft om de betrekkingen met Cuba te verbeteren.<\/p>\n\n\n\n<p>&#8220;Ik denk niet dat er echt een wil is om de relatie te verbeteren en daarom verzinnen ze excuses zodat we de relatie niet kunnen verbeteren,&#8221; zei de Cubaanse functionaris toen hem werd gevraagd of zijn land tekenen zag van interesse van de Amerikaanse regering om de bilaterale betrekkingen te verbeteren.<\/p>\n\n\n\n<p>In de bijna drie jaar van het presidentschap van Biden zijn de betrekkingen tussen de VS en Cuba nauwelijks verbeterd. Afgezien van een handvol gesprekken over specifieke kwesties zoals migratie en de strijd tegen drugssmokkel in de Caribische regio tussen daartoe aangewezen werkgroepen, is het verre van vloeiende communicatie geweest, hoewel velen dat verwachtten van de huidige Amerikaanse regering. Het beleid van economische sancties van voormalig president Donald Trump, dat Biden tijdens zijn politieke campagne in 2020 beloofde te veranderen, is vrijwel ongewijzigd gebleven.<\/p>\n\n\n\n<p>Tijdens zijn ambtstermijn draaide Trump de toenadering tot Cuba die tijdens de regering van Barack Obama tot stand was gekomen terug, legde hij 243 nieuwe economische sancties tegen het eiland op en plaatste hij het Caribische land op de lijst van staatssponsoren van terrorisme. In 2019 beloofde Biden dit beleid ongedaan te maken en beloofde hij een nieuwe toenadering, iets wat niet is gebeurd.<\/p>\n\n\n\n<p>&#8220;De Verenigde Staten hebben, in tegenstelling tot wat de offici\u00eble belofte van deze regering was toen ze aan de macht kwam, geen stappen ondernomen om de betrekkingen met Cuba te verbeteren en maken het ene excuus na het andere om in feite het beleid te handhaven dat door de vorige regering is ingesteld,&#8221; zei de Coss\u00edo tegen MSNBC in het interview.<\/p>\n\n\n\n<p>In de afgelopen maanden is er echter gespeculeerd dat de twee regeringen geheime gesprekken voeren in een poging om enige mate van toenadering te bereiken en de unilaterale sancties tegen het eiland op te heffen. De Cubaanse autoriteiten hebben dit echter ten stelligste ontkend.<\/p>\n\n\n\n<p>&#8220;Er zijn geen gesprekken over die kwestie,&#8221; heeft de Cubaanse onderminister van Buitenlandse Zaken gezegd, terwijl hij benadrukte dat de sancties in kwestie &#8220;unilateraal door de Verenigde Staten zijn opgelegd,&#8221; dus volgens hem &#8220;hangt het af van de bereidheid van de Amerikaanse regering om ze op te heffen.&#8221;<\/p>\n\n\n\n<p>Cuba heeft ook verzekerd bereid te zijn om &#8220;stappen te zetten&#8221; om zijn bereidheid tot dialoog met de huidige Amerikaanse regering te tonen &#8211; die overigens in dit huidige ambtstermijn haar tijd bijna heeft opgebruikt.<\/p>\n\n\n\n<p>&#8220;Het moet een veelomvattend gesprek zijn, een gesprek waarin alles op tafel ligt om de problemen tussen de twee landen op te lossen. Het is heel moeilijk om dat te doen terwijl de Verenigde Staten een beleid hebben om de Cubaanse economie te wurgen&#8221;.<\/p>\n\n\n\n<p>Het is voor niemand een geheim dat Biden&#8217;s verkiezingsoverwinning in 2020 op Trump de deur in Cuba had geopend naar de hoop dat een nieuwe &#8220;normalisatie van de betrekkingen&#8221; mogelijk was. Door zijn rol als vicepresident tijdens de regering-Obama zag Biden de geheime onderhandelingen tussen de twee landen en het uiteindelijke historische herstel van de betrekkingen van dichtbij. Velen geloofden dat hij door zijn ervaring de door Trump afgebroken weg zou kunnen herpakken.<\/p>\n\n\n\n<p>Sinds hij aan de macht is, heeft Biden echter voortdurend geaarzeld als het op Cuba aankomt, een gebaar dat volgens velen te maken heeft met een slechte partijstrategie in een poging om de goedkeuring te winnen van de meest rancuneuze Cubaanse sector in de Verenigde Staten, vooral de groepen in Florida.<\/p>\n\n\n\n<p>Na de protesten van 11 juli 2021, die plaatsvonden in verschillende steden in Cuba, besloot de regering Biden &#8211; die tot dan toe geen stevige stappen in welke richting dan ook had ondernomen &#8211; om volledig terug te keren naar de confronterende retoriek, waarbij ze de autoriteiten van het eiland beschuldigde van het opsluiten van demonstranten en het schenden van de mensenrechten van het Cubaanse volk.<\/p>\n\n\n\n<p>In die zin beschouwt Cuba het ter sprake brengen van deze kwesties als het blijven zoeken naar een excuus om een mogelijke bilaterale dialoog uit te stellen.<\/p>\n\n\n\n<p>&#8220;Hebben ze het over gevangenen? Ze hebben het alleen over gevangenen in Cuba, ze hebben het niet over gevangenen in de Verenigde Staten, wat een onderwerp zou zijn [waarover] we een wederzijds gesprek zouden kunnen hebben, als de Verenigde Staten de wil hadden om dat te doen,&#8221; argumenteerde de onderminister van Buitenlandse Zaken tegen MSNBC.<\/p>\n\n\n\n<p>Al met al benadrukte de ambtenaar dat &#8220;we bereid zijn om stappen te ondernemen&#8221; om de Verenigde Staten te laten zien dat ze bereid zijn om aan de dialoogtafel te zitten, maar het moet, verduidelijkte hij, &#8220;op basis van een wederzijds voordelige relatie&#8221; zijn.<\/p>\n\n\n\n<hr class=\"wp-block-separator has-alpha-channel-opacity\"\/>\n\n\n\n<p><strong>Gerelateerd (berichten in dit archief):<\/strong>\u2013<\/p>\n\n\n\n<ul class=\"wp-block-list\">\n<li><a href=\"https:\/\/openbaararchief.nl\/caribic\/2023\/05\/25\/green-go\/\">Green Go \u2013 Ga weg Yankee, niemand wil je!<\/a> &#8211; Ram\u00f3n Pedregal Casanova Redh-cuba 23 mei 2023<\/li>\n\n\n\n<li><a href=\"https:\/\/openbaararchief.nl\/caribic\/2023\/05\/26\/indrukwekkende-cijfers-van-60-jaar-cubaanse-medische-samenwerking\/\">Indrukwekkende cijfers van 60 jaar Cubaanse medische samenwerking over de hele wereld<\/a> &#8211; El Siglo, 24 mei 2023<\/li>\n\n\n\n<li><a href=\"https:\/\/openbaararchief.nl\/caribic\/2023\/04\/04\/cuba-wint-rechtszaak\/\">Cuba wint rechtszaak tegen Vulture Fund in Londens Hooggerechtshof<\/a> &#8211; Telesur 4 april 2023<\/li>\n\n\n\n<li><a href=\"https:\/\/openbaararchief.nl\/caribic\/2023\/03\/30\/cuba-de-beste-democratie\/\">Cuba: De beste democratie op het westelijk halfrond<\/a> &#8211; Sergio Ortiz Resumen, 30 maart 2023<\/li>\n<\/ul>\n\n\n\n<ul class=\"wp-block-list\">\n<li><a href=\"https:\/\/openbaararchief.nl\/caribic\/2023\/03\/29\/conservatieven-in-de-vs-willen-dat-het-cubaanse-volk-zijn-eigen-regering-omverwerpt-of-anders\/\">Conservatieven in de VS willen dat het Cubaanse volk zijn eigen regering omverwerpt, of anders\u2026<\/a> \u2013 peoplesdispatch 29 maart 2023 <\/li>\n\n\n\n<li><a href=\"https:\/\/openbaararchief.nl\/caribic\/2023\/03\/26\/cubanen-trokken-massaal-naar-de-stembus\/\">Cubanen trokken massaal naar de stembus<\/a> \u2013 Charles Luca cubanismo op 26 maart 2023 <\/li>\n\n\n\n<li><a href=\"https:\/\/openbaararchief.nl\/caribic\/2023\/03\/22\/cubas-banden-met-de-arabische-wereld\/\">Cuba\u2019s banden met de Arabische wereld: Al Mayadeen interviewt Cubaans president Miguel Diaz-Canel (III)<\/a> \u2013 Al Mayadeen Netwerk, 21 Maart 2023 <\/li>\n\n\n\n<li><a href=\"https:\/\/openbaararchief.nl\/caribic\/2023\/03\/22\/havana-en-de-wereld_interview\/\">Havana en de wereld: Al Mayadeen interviewt Cubaaans president Miguel Diaz-Canel (II)<\/a><\/li>\n\n\n\n<li><a href=\"https:\/\/openbaararchief.nl\/caribic\/2023\/03\/19\/cuba-revolutie-vs-embargo\/\">Cuba-revolutie, VS-embargo: Al Mayadeen interviewt Cubaanse president Miguel Diaz-Canel (I)<\/a> \u2013 Al Mayadeen, 19 Maart 2023 <\/li>\n\n\n\n<li><a href=\"https:\/\/openbaararchief.nl\/caribic\/2023\/03\/21\/cuba-de-verkiezingen-op-26-maart\/\">Cuba: de verkiezingen op 26 maart<\/a> \u2013 Ram\u00f3n Pedregal Casanova REDH-Cuba 14 maart 2023 (Heldere uitleg van de Cubaanse Volksdemoctatie) <\/li>\n\n\n\n<li><a href=\"https:\/\/openbaararchief.nl\/caribic\/2023\/03\/10\/wat-is-de-achtergrond-van-de-grote-emigratiegolf-uit-cuba\/\">Wat is de achtergrond van de grote emigratiegolf uit Cuba?<\/a> \u2013 Wim Leysens, cubanismo.be 10 maart 2023 <\/li>\n\n\n\n<li><a href=\"https:\/\/openbaararchief.nl\/caribic\/2023\/02\/15\/zware-tijden-in-cuba-deel-2\/\">Zware tijden in Cuba \u2013 deel 2<\/a> \u2013 Katrien Demuynck (be), Rogelio Polanco (cu) cubanismo.be, 15 februari 2023 <\/li>\n\n\n\n<li><a href=\"https:\/\/openbaararchief.nl\/caribic\/2023\/02\/09\/zware-tijden-in-cuba-interview-deel-1\/\">Zware tijden in Cuba \u2013 Interview deel 1<\/a> \u2013 Katrien Demuynck, Rogelio Polanco cubanismo op 9 februari 2023 <\/li>\n\n\n\n<li><a href=\"https:\/\/openbaararchief.nl\/caribic\/2022\/12\/03\/krijgt-cuba-100-jaar-om-de-zee-te-stoppen-boekrecensie\/\">Krijgt Cuba \u2018100 jaar om de zee te stoppen\u2019? \u2013 Boekrecensie<\/a> \u2013 Lode Vanoost dewereldmorgen.be 3 december 2022 <\/li>\n\n\n\n<li><a href=\"https:\/\/openbaararchief.nl\/caribic\/2022\/12\/01\/laat-cuba-weer-opbouwen\/\">Laat Cuba weer opbouwen<\/a> \u2013 tekst van brieven van burgers van de VS aan de regeringsleiding van hun land <\/li>\n\n\n\n<li><\/li>\n\n\n\n<li><a href=\"https:\/\/openbaararchief.nl\/caribic\/2022\/11\/03\/verenigde-naties-stemmen-over-de-vs-blokkade\/\">Verenigde Naties stemmen over de VS-blokkade tegen Cuba<\/a> \u2013 cubanismo, 3 november 2022 <\/li>\n\n\n\n<li><a href=\"https:\/\/openbaararchief.nl\/caribic\/2022\/11\/03\/verklaring-van-cuba-op-de-unga\/\">Verklaring van Cuba op de UNGA, ter verdediging van Resolutie \u201cNoodzaak om de VS-Blokkade tegen Cuba te beeindigen\u201d<\/a> \u2013 VN, Cuba minrex 3 oktober 2022 <\/li>\n\n\n\n<li><a href=\"https:\/\/youtu.be\/PD8PYHIuMwY?t=882\">Toespraak van Yoerky S\u00e1nchez Cuellar op de <\/a><a href=\"https:\/\/youtu.be\/PD8PYHIuMwY?t=882https:\/\/youtu.be\/PD8PYHIuMwY?t=879\">forumdiscussie<\/a><a href=\"https:\/\/youtu.be\/PD8PYHIuMwY?t=882\"> <em>\u201clinks, terug van nooit weggeweest in Latijns-Amerika\u201d<\/em><\/a>, (met NL-synchroonvertaling) \u2013 Manifiesta Oostende, Belgie, 18 september 2022 <\/li>\n\n\n\n<li><a href=\"https:\/\/openbaararchief.nl\/caribic\/2022\/09\/04\/de-vs-blijft-erop-gokken-dat-cuba-zich-overgeeft\/\">De VS blijft erop gokken dat Cuba zich overgeeft uit honger en wanhoop<\/a> \u2013 Gustavo A Maranges Resumen Latinoamericano, 4 september 2022 <\/li>\n\n\n\n<li><a href=\"https:\/\/openbaararchief.nl\/caribic\/2022\/07\/31\/vierde-linkse-golf-in-latijns-amerika\/\">Vierde linkse golf in Latijns-Amerika sinds de Cubaanse revolutie is sociaal-democratisch<\/a> \u2013 Vijay Prashad peoplesdemocracy 21 juli 2022 <\/li>\n\n\n\n<li><a href=\"https:\/\/openbaararchief.nl\/caribic\/2022\/07\/11\/washington-zet-economische-oorlog-tegen-cuba-voort\/\">Washington zet economische oorlog tegen Cuba voort ondanks politiek isolement<\/a> \u2013 Ike Nahem us-cubanormalization 11 juli 2023<\/li>\n\n\n\n<li>&#8211;<a href=\"https:\/\/openbaararchief.nl\/caribic\/2023\/03\/29\/conservatieven-in-de-vs-willen-dat-het-cubaanse-volk-zijn-eigen-regering-omverwerpt-of-anders\/\">Conservatieven in de VS willen dat het Cubaanse volk zijn eigen regering omverwerpt, of anders\u2026<\/a> \u2013 peoplesdispatch 29 maart 2023<\/li>\n\n\n\n<li><a href=\"https:\/\/openbaararchief.nl\/caribic\/2023\/03\/26\/cubanen-trokken-massaal-naar-de-stembus\/\">Cubanen trokken massaal naar de stembus<\/a> \u2013 Charles Luca cubanismo op 26 maart 2023<\/li>\n\n\n\n<li><a href=\"https:\/\/openbaararchief.nl\/caribic\/2023\/03\/22\/cubas-banden-met-de-arabische-wereld\/\">Cuba\u2019s banden met de Arabische wereld: Al Mayadeen interviewt Cubaans president Miguel Diaz-Canel (III)<\/a> \u2013 Al Mayadeen Netwerk, 21 Maart 2023<\/li>\n\n\n\n<li><a href=\"https:\/\/openbaararchief.nl\/caribic\/2023\/03\/22\/havana-en-de-wereld_interview\/\">Havana en de wereld: Al Mayadeen interviewt Cubaaans president Miguel Diaz-Canel (II)<\/a><\/li>\n\n\n\n<li><a href=\"https:\/\/openbaararchief.nl\/caribic\/2023\/03\/19\/cuba-revolutie-vs-embargo\/\">Cuba-revolutie, VS-embargo: Al Mayadeen interviewt Cubaanse president Miguel Diaz-Canel (I)<\/a> \u2013 Al Mayadeen, 19 Maart 2023<\/li>\n\n\n\n<li><a href=\"https:\/\/openbaararchief.nl\/caribic\/2023\/03\/21\/cuba-de-verkiezingen-op-26-maart\/\">Cuba: de verkiezingen op 26 maart<\/a> \u2013 Ram\u00f3n Pedregal Casanova REDH-Cuba 14 maart 2023 (Heldere uitleg van de Cubaanse Volksdemoctatie)<\/li>\n\n\n\n<li><a href=\"https:\/\/openbaararchief.nl\/caribic\/2023\/03\/10\/wat-is-de-achtergrond-van-de-grote-emigratiegolf-uit-cuba\/\">Wat is de achtergrond van de grote emigratiegolf uit Cuba?<\/a> \u2013 Wim Leysens, cubanismo.be 10 maart 2023<\/li>\n\n\n\n<li><a href=\"https:\/\/openbaararchief.nl\/caribic\/2023\/02\/15\/zware-tijden-in-cuba-deel-2\/\">Zware tijden in Cuba \u2013 deel 2<\/a> \u2013 Katrien Demuynck (be), Rogelio Polanco (cu) cubanismo.be, 15 februari 2023<\/li>\n\n\n\n<li><a href=\"https:\/\/openbaararchief.nl\/caribic\/2023\/02\/09\/zware-tijden-in-cuba-interview-deel-1\/\">Zware tijden in Cuba \u2013 Interview deel 1<\/a> \u2013 Katrien Demuynck, Rogelio Polanco cubanismo op 9 februari 2023<\/li>\n\n\n\n<li><a href=\"https:\/\/openbaararchief.nl\/caribic\/2022\/12\/03\/krijgt-cuba-100-jaar-om-de-zee-te-stoppen-boekrecensie\/\">Krijgt Cuba \u2018100 jaar om de zee te stoppen\u2019? \u2013 Boekrecensie<\/a> \u2013 Lode Vanoost dewereldmorgen.be 3 december 2022<\/li>\n\n\n\n<li><a href=\"https:\/\/openbaararchief.nl\/caribic\/2022\/12\/01\/laat-cuba-weer-opbouwen\/\">Laat Cuba weer opbouwen<\/a> \u2013 tekst van brieven van burgers van de VS aan de regeringsleiding van hun land<\/li>\n\n\n\n<li><a href=\"https:\/\/openbaararchief.nl\/caribic\/2022\/11\/03\/verenigde-naties-stemmen-over-de-vs-blokkade\/\">Verenigde Naties stemmen over de VS-blokkade tegen Cuba<\/a> \u2013 cubanismo, 3 november 2022<\/li>\n\n\n\n<li><a href=\"https:\/\/openbaararchief.nl\/caribic\/2022\/11\/03\/verklaring-van-cuba-op-de-unga\/\">Verklaring van Cuba op de UNGA, ter verdediging van Resolutie \u201cNoodzaak om de VS-Blokkade tegen Cuba te beeindigen\u201d<\/a> \u2013 VN, Cuba minrex 3 oktober 2022<\/li>\n\n\n\n<li><a href=\"https:\/\/youtu.be\/PD8PYHIuMwY?t=882\">Toespraak van Yoerky S\u00e1nchez Cuellar op de <\/a><a href=\"https:\/\/youtu.be\/PD8PYHIuMwY?t=882https:\/\/youtu.be\/PD8PYHIuMwY?t=879\">forumdiscussie<\/a><a href=\"https:\/\/youtu.be\/PD8PYHIuMwY?t=882\"> <em>\u201clinks, terug van nooit weggeweest in Latijns-Amerika\u201d<\/em><\/a>, (met NL-synchroonvertaling) \u2013 Manifiesta Oostende, Belgie, 18 september 2022<\/li>\n\n\n\n<li><a href=\"https:\/\/openbaararchief.nl\/caribic\/2022\/09\/04\/de-vs-blijft-erop-gokken-dat-cuba-zich-overgeeft\/\">De VS blijft erop gokken dat Cuba zich overgeeft uit honger en wanhoop<\/a> \u2013 Gustavo A Maranges Resumen Latinoamericano, 4 september 2022<\/li>\n\n\n\n<li><a href=\"https:\/\/openbaararchief.nl\/caribic\/2022\/07\/31\/vierde-linkse-golf-in-latijns-amerika\/\">Vierde linkse golf in Latijns-Amerika sinds de Cubaanse revolutie is sociaal-democratisch<\/a> \u2013 Vijay Prashad peoplesdemocracy 21 juli 2022<\/li>\n\n\n\n<li><a href=\"https:\/\/openbaararchief.nl\/caribic\/2022\/07\/11\/washington-zet-economische-oorlog-tegen-cuba-voort\/\">Washington zet economische oorlog tegen Cuba voort ondanks politiek isolement<\/a> \u2013 Ike Nahem us-cubanormalization 11 juli 2022<\/li>\n\n\n\n<li><a href=\"https:\/\/openbaararchief.nl\/caribic\/2022\/08\/13\/fidel-castro-soldaat-van-ideeen\/\">Fidel Castro: soldaat van idee\u00ebn<\/a> \u2013 Cubaans ambassadeteam 5 juli 2022<\/li>\n\n\n\n<li><a href=\"https:\/\/openbaararchief.nl\/caribic\/2021\/08\/09\/lombardijes-organisatie-zendt-hulp\/\">Lombardije\u2019s organisatie zendt humanitaire hulp naar Cuba<\/a> \u2013 Telesur 9 augustus 2021<\/li>\n\n\n\n<li><a href=\"https:\/\/openbaararchief.nl\/caribic\/2021\/07\/30\/militaire-interventies-versus-medische-missies\/\">Militaire Interventies Versus Medische Missies<\/a> \u2013 Tha\u00eds Rodr\u00edguez albatv 30 juli 2021<\/li>\n\n\n\n<li><a href=\"https:\/\/openbaararchief.nl\/caribic\/2021\/07\/17\/de-enige-manier-om-een-einde-te-maken-aan-de-economische-ontberingen\/\">De enige manier om een einde te maken aan de economische ontberingen in Cuba is het opheffen van de Amerikaanse blokkade<\/a> \u2013 Francisco Dominguez tribune 17 juli 2021<\/li>\n\n\n\n<li><a href=\"https:\/\/openbaararchief.nl\/caribic\/2021\/07\/14\/de-moeilijke-dagelijkse-situatie-van-de-cubanen\/\">De moeilijke dagelijkse situatie van de Cubanen uitgelegd<\/a> \u2013 cubanismo 14 juli 2021<\/li>\n\n\n\n<li><a href=\"https:\/\/openbaararchief.nl\/caribic\/2020\/04\/15\/cuba-en-china-en-venezuela-sturen-medische-hulp-nederland-engeland-frankrijk-en-de-vs-sturen-oorlogsschepen\/\">Cuba en China en Venezuela sturen Medische Hulp \u2013 Nederland, Engeland, Frankrijk en de VS sturen Oorlogsschepen<\/a> \u2013 Handsofvenezuela-NL 15 april 2020<\/li>\n\n\n\n<li><a href=\"https:\/\/openbaararchief.nl\/caribic\/2019\/11\/19\/cubaanse-artsen-die-zorgdiensten-in-bolivia-verlenen-keren-terug-naar-cuba\/\">Cubaanse artsen die zorgdiensten in Bolivia verlenen, keren terug naar Cuba<\/a> \u2013 Redaccion Digital, Granma, 19 november 2019<\/li>\n<\/ul>\n","protected":false},"excerpt":{"rendered":"<p>Bron: Luis De Jesus Reyes, Claridad 29 augustus 2023 (SP) peoplesdispatch.org 30 augustus 2023 (EN) ~~~ In een interview met de Amerikaanse zender MSNBC bekritiseerde de Cubaanse ambtenaar Carlos Fern\u00e1ndez de Coss\u00edo de passiviteit van de regering Biden om de betrekkingen tussen de twee landen te verbeteren. De Cubaanse onderminister van Buitenlandse Zaken Carlos Fern\u00e1ndez [&hellip;]<\/p>\n","protected":false},"author":1,"featured_media":7565,"comment_status":"closed","ping_status":"closed","sticky":false,"template":"","format":"standard","meta":{"footnotes":""},"categories":[9],"tags":[],"class_list":["post-7564","post","type-post","status-publish","format-standard","has-post-thumbnail","hentry","category-cuba"],"_links":{"self":[{"href":"https:\/\/www.handsoffvenezuela.nl\/index.php\/wp-json\/wp\/v2\/posts\/7564","targetHints":{"allow":["GET"]}}],"collection":[{"href":"https:\/\/www.handsoffvenezuela.nl\/index.php\/wp-json\/wp\/v2\/posts"}],"about":[{"href":"https:\/\/www.handsoffvenezuela.nl\/index.php\/wp-json\/wp\/v2\/types\/post"}],"author":[{"embeddable":true,"href":"https:\/\/www.handsoffvenezuela.nl\/index.php\/wp-json\/wp\/v2\/users\/1"}],"replies":[{"embeddable":true,"href":"https:\/\/www.handsoffvenezuela.nl\/index.php\/wp-json\/wp\/v2\/comments?post=7564"}],"version-history":[{"count":1,"href":"https:\/\/www.handsoffvenezuela.nl\/index.php\/wp-json\/wp\/v2\/posts\/7564\/revisions"}],"predecessor-version":[{"id":7566,"href":"https:\/\/www.handsoffvenezuela.nl\/index.php\/wp-json\/wp\/v2\/posts\/7564\/revisions\/7566"}],"wp:featuredmedia":[{"embeddable":true,"href":"https:\/\/www.handsoffvenezuela.nl\/index.php\/wp-json\/wp\/v2\/media\/7565"}],"wp:attachment":[{"href":"https:\/\/www.handsoffvenezuela.nl\/index.php\/wp-json\/wp\/v2\/media?parent=7564"}],"wp:term":[{"taxonomy":"category","embeddable":true,"href":"https:\/\/www.handsoffvenezuela.nl\/index.php\/wp-json\/wp\/v2\/categories?post=7564"},{"taxonomy":"post_tag","embeddable":true,"href":"https:\/\/www.handsoffvenezuela.nl\/index.php\/wp-json\/wp\/v2\/tags?post=7564"}],"curies":[{"name":"wp","href":"https:\/\/api.w.org\/{rel}","templated":true}]}}