
{"id":7421,"date":"2023-06-16T23:44:00","date_gmt":"2023-06-16T21:44:00","guid":{"rendered":"https:\/\/www.handsoffvenezuela.nl\/?p=7421"},"modified":"2023-06-17T11:45:07","modified_gmt":"2023-06-17T09:45:07","slug":"colombiaanse-procureur-generaal-probeert-petro-regering-ten-val-te-brengen","status":"publish","type":"post","link":"https:\/\/www.handsoffvenezuela.nl\/index.php\/2023\/06\/colombiaanse-procureur-generaal-probeert-petro-regering-ten-val-te-brengen\/","title":{"rendered":"Colombiaanse procureur-generaal probeert Petro-regering ten val te brengen"},"content":{"rendered":"\n<pre class=\"wp-block-preformatted\">Bron: Hans Weber\n<a href=\"https:\/\/amerika21.de\/2023\/06\/264472\/selbstmord-sicherheitsmann-petro\">america21 16 juni 2023 <\/a>~~~~<\/pre>\n\n\n\n<p><strong>De dood van de bewaker van het presidenti\u00eble kantoor volgt op speculaties over belangen in afluisteronderzoek<\/strong><\/p>\n\n\n\n<!--more-->\n\n\n\n<p>Bogot\u00e1. Het lid van het beveiligingsteam van het kabinet van de president, politiekolonel \u00d3scar D\u00e1vila, zou zichzelf vorige week hebben doodgeschoten. Volgens zijn advocaat, Miguel \u00c1ngel del R\u00edo, had hij sterke druk gevoeld van het kantoor van de openbare aanklager omdat ze hem er wilden inluizen voor een proces om de regering schade te berokkenen.<\/p>\n\n\n\n<p>Een openbare aanklager had gedreigd D\u00e1vila te beschuldigen van het illegaal afluisteren van twee huishoudelijke medewerkers van de voormalige kabinetschef en rechterhand van president Gustavo Petro, Laura Sarabia. De druk zal niet stoppen &#8220;totdat er geen bloed meer vloeit&#8221;, zou hij tegen D\u00e1vila hebben gezegd.<\/p>\n\n\n\n<p>De politiekolonel had inderdaad een van de huishoudelijke hulpen onderworpen aan een leugendetectortest nadat er een grote som staatsgeld was gestolen uit de flat van Sarabia. Maar D\u00e1vila zou del R\u00edo een dag voor zijn dood hebben verzekerd dat hij niets wist van illegale afluisterpraktijken. In dit opzicht was het onderzoek een &#8220;fictieve constructie van het Openbaar Ministerie&#8221; tegen de regering, benadrukte de advocaat.<\/p>\n\n\n\n<p>De forensisch medische autoriteit, die onder het Openbaar Ministerie valt, heeft nog geen forensische resultaten gepubliceerd. Ondertussen verspreiden leden van de ultrarechtse oppositiepartij Centro Democr\u00e1tico al de versie dat D\u00e1vila is vermoord in het belang van president Petro omdat hij te veel wist over de illegale afluisterpraktijken.<\/p>\n\n\n\n<p>Ook procureur-generaal Francisco Barbosa suggereerde begin juni dat de regering Petro opdracht had gegeven voor de illegale afluisterpraktijken. Dit was &#8220;grotesk&#8221; en &#8220;bijzonder ernstig voor de democratie&#8221;, zei Barbosa verontwaardigd. Vanwege zijn herhaalde openlijke aanvallen op de regering wordt hij in progressieve kringen al maanden gezien als een &#8220;oppositieleider&#8221;.<\/p>\n\n\n\n<p>Hij meldde dat de recherche van Dijin een vals rapport had geschreven waarin de twee werknemers van Sarabia werden afgeschilderd als leden van de criminele organisatie Clan del Golfo om de afluisteroperatie aannemelijk te maken. Hij benadrukte dat de Dijin onder het gezag stond van het Bureau van de President.<\/p>\n\n\n\n<p>Barbosa verzweeg echter dat het bureau van de openbare aanklager en niet de Dijin de twee vrouwen zes dagen lang bleef afluisteren, ondanks het feit dat de verantwoordelijke politiefunctionaris van de Dijin hen op de derde dag van de afluisteroperatie vroeg de spionage te stoppen. Hij deed dit toen hij zich realiseerde dat de twee die werden afgeluisterd niets te maken hadden met de del Golfo clan. Zijn advocaat &#8211; ook del R\u00edo &#8211; heeft het bewijs voor zijn mededeling aan het Openbaar Ministerie. De autoriteiten zijn desondanks zes dagen doorgegaan met het afluisteren.<\/p>\n\n\n\n<p>Nu wil ze de agent van Dijin voor het gerecht brengen. Hij geeft zijn naam niet aan de media omdat hij undercover werkt in Choc\u00f3 tegen de del Golfo clan. Hij ontkent ten stelligste dat iemand van de regering hem opdracht gaf om de werknemers van Sarabia af te luisteren. In eerste instantie vroeg hij de openbare aanklager van Choc\u00f3 dit te doen omdat een lid van de Clan del Golfo, die informant was voor de Dijin, hem de namen van de twee vrouwen had gegeven die in verband stonden met de criminele organisatie.<\/p>\n\n\n\n<p>De informant had hem in het verleden waardevolle informatie verstrekt die tot de arrestatie van leden van deze structuur had geleid. De agent van Dijin wist niet of hij nog in leven was, zei hij in een interview.<\/p>\n\n\n\n<p>President Petro heeft herhaaldelijk in niet mis te verstane bewoordingen ontkend dat zijn regering opdracht heeft gegeven tot illegale afluisterpraktijken. &#8220;Er kan geen twijfel over bestaan dat deze regering de vuile daden van andere regeringen niet zal herhalen,&#8221; zei Petro tegen de militaire leiding. Hij zei dat de regering geen illegale afluisterpraktijken had uitgevoerd, noch tegen hooggeplaatste ambtenaren van vorige regeringen, noch tegen arme mensen. &#8220;Het is niet waar,&#8221; zei Petro.<\/p>\n\n\n\n<p>Het beginpunt van het afluisterschandaal waren beschuldigingen van de ex-ambassadeur in Venezuela, Armando Benedetti, aan het adres van Sarabia dat ze mensen afluisterde. Benedetti was een van de organisatoren van Petro&#8217;s verkiezingscampagnes. In persoonlijke audioboodschappen die uitlekten naar het publiek, viel hij Sarabia lastig omdat ze hem geen betere positie in de regering bezorgde. Mensen in Sarabia&#8217;s inner circle spraken van chantage. Later verontschuldigde hij zich bij Petro en legde uit dat het allemaal het gevolg was van woede en alcohol.<\/p>\n\n\n\n<p>Naar aanleiding van Benedetti&#8217;s opmerkingen startte het Openbaar Ministerie een onderzoek tegen de regering wegens illegale campagnefinanciering.<\/p>\n\n\n\n<p>Petro verwijderde Benedetti en Sarabia uit hun functie. Beiden blijven uit de regering geweerd zolang het onderzoek tegen hen loopt.<\/p>\n\n\n\n<p><em>Topfoto: Advocaat van \u00d3scar D\u00e1vila: &#8220;De onderzoeken zijn een fictieve constructie van het Openbaar Ministerie om de regering te schaden&#8221; Bron: Onbekende auteur\/Wikimedia Licentie: CC BY-SA 4.0<\/em><\/p>\n\n\n\n<hr class=\"wp-block-separator has-alpha-channel-opacity\"\/>\n\n\n\n<p><\/p>\n\n\n\n<ul class=\"wp-block-list\">\n<li><a href=\"https:\/\/openbaararchief.nl\/caribic\/2023\/06\/07\/we-geven-niet-toe-aan-chantage\/\">\u201cWe geven niet toe aan chantage\u201d: Colombianen verdedigen regering en progressieve hervormingen<\/a> &#8211; Zoe Alexandra Peoples Dispatch, 7 juni 2023<\/li>\n\n\n\n<li><a href=\"https:\/\/openbaararchief.nl\/caribic\/2023\/06\/07\/colombiaanse-conservatieven-willen-soft-coup\/\">Colombiaanse conservatieven willen soft-coup tegen president Petro<\/a> \u2013 Telesur, 7 mei 2023<\/li>\n\n\n\n<li><a href=\"https:\/\/openbaararchief.nl\/caribic\/2023\/06\/07\/waarschuwing-soft-coup-wordt-voorbereid-in-colombia\/\">Waarschuwing: Soft-coup wordt voorbereid in Colombia.<\/a>\u2013 Junge Welt 7 juni 2023<\/li>\n\n\n\n<li><a href=\"https:\/\/openbaararchief.nl\/caribic\/2023\/06\/06\/zachte-staatsgreep-in-colombia-smerige-aanvallen-en-media-intimidatie\/\">Zachte staatsgreep in Colombia: Smerige aanvallen en media-intimidatie<\/a> \u2013 Ana Perdig\u00f3n RedRadioVE 5 juni 2023,<\/li>\n\n\n\n<li><a href=\"https:\/\/openbaararchief.nl\/caribic\/2023\/06\/03\/colombia-petro-verwijdert-ambassadeur-benedetti-tijdelijk-uit-regering\/\">Colombia: Petro verwijdert ambassadeur Benedetti tijdelijk uit regering<\/a> \u2013 Ana Perdig\u00f3n redradiove 2 juni 2023<\/li>\n\n\n\n<li><a href=\"https:\/\/openbaararchief.nl\/caribic\/2023\/05\/31\/colombias-openbaar-ministerie-doet-inval\/\">Colombia\u2019s openbaar ministerie doet inval in het kantoor van de president<\/a> \u2013 Adriaan Alsema colombiareports.com 31 mei 2023<\/li>\n\n\n\n<li><a href=\"https:\/\/openbaararchief.nl\/caribic\/2023\/05\/29\/pentagon-stuurt-troepen-naar-peru\/\">Pentagon stuurt troepen om moordenaars van Peruaanse coup regime te trainen<\/a> \u2013 Bill Van Auken, world socialists website 29 mei 2023<\/li>\n\n\n\n<li><a href=\"https:\/\/openbaararchief.nl\/caribic\/2023\/05\/27\/waarom-trekken-amerikaanse-militairen-naar-peru\/\">Waarom trekken Amerikaanse militairen naar Peru?<\/a> \u2013 Nick Corbishley nakedcapitalism 26 mei 2023<\/li>\n\n\n\n<li><a href=\"https:\/\/openbaararchief.nl\/caribic\/2023\/05\/19\/peru-laat-amerikaanse-troepen-toe\/\">Peru laat Amerikaanse troepen toe voor \u2018militaire training\u2019<\/a> \u2013 hispantv 19 mei 2023<\/li>\n\n\n\n<li><a href=\"https:\/\/openbaararchief.nl\/caribic\/2023\/04\/27\/peru-kondigt-60-dagen-noodtoestand-af-in-zijn-grensgebieden\/\">Peru kondigt 60 dagen noodtoestand af in zijn grensgebieden<\/a> \u2013 Telesur 27 april 2023<\/li>\n\n\n\n<li><a href=\"https:\/\/openbaararchief.nl\/caribic\/2023\/04\/17\/ultra-rechts-kondigt-coup-aan-in-colombia\/\">Ultra-rechts kondigt coup aan in Colombia via sociale media<\/a> \u2013 Hans Weber america21 17 april 2023<\/li>\n\n\n\n<li><a href=\"https:\/\/openbaararchief.nl\/caribic\/2023\/03\/15\/monroe-doctrine-speelt-zich-af-in-peru\/\">Monroe Doctrine speelt zich af in Per\u00fa<\/a>&nbsp;\u2013 Clau O\u2019Brien Moscoso blackagendareport 15 maart 2023&nbsp;<\/li>\n\n\n\n<li><a href=\"https:\/\/openbaararchief.nl\/caribic\/2023\/03\/06\/modus-operandi-van-de-peruaanse-lawfare\/\">Modus Operandi van de Peruaanse LawFare<\/a>&nbsp;\u2013 Miguel Santos Garc\u00eda Global Research, 6 maart 2023<\/li>\n\n\n\n<li><a href=\"https:\/\/openbaararchief.nl\/caribic\/2023\/01\/11\/hector-bejar-onderdrukking-in-peru\/\">H\u00e9ctor B\u00e9jar: Onderdrukking in Peru, na illegale afzetting van president Pedro Castillo<\/a>&nbsp;\u2013 Hector Bejar, LIMA 9 januari 2023<\/li>\n\n\n\n<li><a href=\"https:\/\/openbaararchief.nl\/caribic\/2022\/12\/30\/anti-oproer-oorlog-in-peru-2\/\">Anti-oproer oorlog. Amerikaanse bases en troepen in Peru \u2013 deel 2<\/a>&nbsp;\u2013 Stella Calloni REDH-Cuba 30 december 2022<\/li>\n\n\n\n<li><a href=\"https:\/\/openbaararchief.nl\/caribic\/2022\/12\/28\/anti-oproer-oorlog-in-peru-1\/\">Anti-oproer oorlog; Amerikaanse basissen en troepen in Peru, deel-1<\/a>&nbsp;\u2013 Stella Calloni Resumen-English, 28 december 2022<\/li>\n\n\n\n<li><a href=\"https:\/\/openbaararchief.nl\/caribic\/2022\/12\/24\/latijns-amerika-verwerpt-staatsgreep-in-peru\/\">Latijns-Amerika verwerpt staatsgreep in Peru \u2013 VS steunt ongekozen regime dat demonstranten doodt<\/a>&nbsp;\u2013 Ben Norton multipolarista 24 december 2022<\/li>\n\n\n\n<li><a href=\"https:\/\/openbaararchief.nl\/caribic\/2022\/12\/07\/historische-top-voor-kleine-boeren\/\">Historische top voor kleine boeren in Colombia met steun van de regering<\/a> \u2013 Hans Weber amerika21, 7 december 2022<\/li>\n\n\n\n<li><a href=\"https:\/\/openbaararchief.nl\/caribic\/2022\/11\/03\/president-van-colombia-draagt-land-over\/\">President van Colombia draagt land van paramilitairen over aan boerencollectieven<\/a> \u2013 Hans-Peter Schmutz america21, 3 oktober 2022<\/li>\n<\/ul>\n","protected":false},"excerpt":{"rendered":"<p>Bron: Hans Weber america21 16 juni 2023 ~~~~ De dood van de bewaker van het presidenti\u00eble kantoor volgt op speculaties over belangen in afluisteronderzoek<\/p>\n","protected":false},"author":1,"featured_media":7422,"comment_status":"closed","ping_status":"closed","sticky":false,"template":"","format":"standard","meta":{"footnotes":""},"categories":[52],"tags":[],"class_list":["post-7421","post","type-post","status-publish","format-standard","has-post-thumbnail","hentry","category-colombia"],"_links":{"self":[{"href":"https:\/\/www.handsoffvenezuela.nl\/index.php\/wp-json\/wp\/v2\/posts\/7421","targetHints":{"allow":["GET"]}}],"collection":[{"href":"https:\/\/www.handsoffvenezuela.nl\/index.php\/wp-json\/wp\/v2\/posts"}],"about":[{"href":"https:\/\/www.handsoffvenezuela.nl\/index.php\/wp-json\/wp\/v2\/types\/post"}],"author":[{"embeddable":true,"href":"https:\/\/www.handsoffvenezuela.nl\/index.php\/wp-json\/wp\/v2\/users\/1"}],"replies":[{"embeddable":true,"href":"https:\/\/www.handsoffvenezuela.nl\/index.php\/wp-json\/wp\/v2\/comments?post=7421"}],"version-history":[{"count":1,"href":"https:\/\/www.handsoffvenezuela.nl\/index.php\/wp-json\/wp\/v2\/posts\/7421\/revisions"}],"predecessor-version":[{"id":7423,"href":"https:\/\/www.handsoffvenezuela.nl\/index.php\/wp-json\/wp\/v2\/posts\/7421\/revisions\/7423"}],"wp:featuredmedia":[{"embeddable":true,"href":"https:\/\/www.handsoffvenezuela.nl\/index.php\/wp-json\/wp\/v2\/media\/7422"}],"wp:attachment":[{"href":"https:\/\/www.handsoffvenezuela.nl\/index.php\/wp-json\/wp\/v2\/media?parent=7421"}],"wp:term":[{"taxonomy":"category","embeddable":true,"href":"https:\/\/www.handsoffvenezuela.nl\/index.php\/wp-json\/wp\/v2\/categories?post=7421"},{"taxonomy":"post_tag","embeddable":true,"href":"https:\/\/www.handsoffvenezuela.nl\/index.php\/wp-json\/wp\/v2\/tags?post=7421"}],"curies":[{"name":"wp","href":"https:\/\/api.w.org\/{rel}","templated":true}]}}