
{"id":7396,"date":"2023-06-07T22:07:00","date_gmt":"2023-06-07T20:07:00","guid":{"rendered":"https:\/\/www.handsoffvenezuela.nl\/?p=7396"},"modified":"2023-06-08T10:09:11","modified_gmt":"2023-06-08T08:09:11","slug":"colombiaanse-conservatieven-willen-soft-coup-tegen-president-petro","status":"publish","type":"post","link":"https:\/\/www.handsoffvenezuela.nl\/index.php\/2023\/06\/colombiaanse-conservatieven-willen-soft-coup-tegen-president-petro\/","title":{"rendered":"Colombiaanse conservatieven willen soft-coup tegen president Petro"},"content":{"rendered":"\n<p>Bron: <a href=\"https:\/\/www.telesurenglish.net\/news\/Colombian-Conservatives-Seek-Soft-Coup-Against-President-Petro-20230607-0015.html\">Telesur, 7 mei 2023 <\/a>~~~<\/p>\n\n\n\n<p><strong>Naast het manipuleren van de wetten voor antidemocratische doeleinden, werken de conservatieven heimelijk binnen de politie en het leger om het gezag van Petro te ondermijnen.<\/strong><\/p>\n\n\n\n<!--more-->\n\n\n\n<p>Op woensdag hebben meer dan 400 wereldberoemde progressieve politici en intellectuelen aan de kaak gesteld dat extreemrechtse krachten proberen een staatsgreep uit te voeren tegen president Gustavo Petro.<\/p>\n\n\n\n<p>&#8220;We roepen de vrienden van het Colombiaanse volk en bondgenoten van de democratie op om zich te verzetten tegen deze beruchte tactieken en de opmars van een zachte staatsgreep in Colombia te voorkomen,&#8221; staat in de brief, die ondertekend is door persoonlijkheden als Nobelprijswinnaar Adolfo Perez Esquivel, de Spaanse jurist Baltasar Garz\u00f3n, de Britse Labourleider Jeremy Corbyn, de voormalige Franse presidentskandidaat Jean-Luc Melenchon, de voormalige Spaanse premier Jose Luis Rodriguez, de voormalige Colombiaanse president Ernesto Samper en de voormalige Ecuadoraanse president Rafael Correa.<\/p>\n\n\n\n<blockquote class=\"wp-block-quote is-layout-flow wp-block-quote-is-layout-flow\">\n<p>&#8220;Sinds de verkiezing van de eerste progressieve regering van het land &#8211; onder leiding van president Gustavo Petro, vice-president Francia Marquez en het Historische Pact in het Congres &#8211; organiseren de traditionele machten van Colombia zich om een orde te herstellen die wordt gekenmerkt door extreme ongelijkheid, vernietiging van het milieu en door de staat gesponsord geweld,&#8221; aldus de ondertekenaars.<\/p>\n<\/blockquote>\n\n\n\n<p>De ondertekenaars waarschuwen dat deze conservatieve krachten de hervormingen van Petro een halt willen toeroepen, zijn aanhangers willen intimideren en zijn imago willen bezoedelen door middel van een lastercampagne van de mediaconglomeraten. Op deze manier proberen de samenzweerders de politieke en discursieve voorwaarden te scheppen om gerechtelijke procedures tegen de leiders van het Historische Pact te rechtvaardigen.<\/p>\n\n\n\n<blockquote class=\"wp-block-quote is-layout-flow wp-block-quote-is-layout-flow\">\n<p>La movilizaci\u00f3n en respaldo a las reformas del gobierno se dirige al centro de la ciudad para la concentraci\u00f3n en la Plaza de Bol\u00edvar #Gobierno #Reforma #GustavoPetro #Marchas #Colombia <a href=\"https:\/\/t.co\/pVs17UVSzb\">pic.twitter.com\/pVs17UVSzb <\/a><\/p>\n<\/blockquote>\n\n\n\n<p>De tweet luidt: &#8220;Mobilisatie ter ondersteuning van hervormingen van de regering gaat richting centrum voor rally op het Bolivarplein.&#8221;<\/p>\n\n\n\n<blockquote class=\"wp-block-quote is-layout-flow wp-block-quote-is-layout-flow\">\n<p>&#8220;Vanuit de kantoren van respectievelijk de inspecteur-generaal en de procureur-generaal richten Margarita Cabello en Francisco Barbosa zich actief op leden van het Historisch Pact met onderzoeken die kunnen leiden tot schorsing, ontslag en diskwalificatie van leden van het Congres zoals senator Alex Florez, senator Alexander Lopez, huisvoorzitter David Racero, vertegenwoordiger Susana Gomez, hoofdonderhandelaar voor vrede Maria Jose Pizarro &#8211; en zelfs president Petro zelf,&#8221; schreven de progressieve persoonlijkheden.<\/p>\n<\/blockquote>\n\n\n\n<p>Naast het manipuleren van de wetten voor antidemocratische doeleinden, werkt extreem-rechts in Colombia heimelijk binnen de politie en het leger om de effectiviteit, autoriteit en legitimiteit van de regering Petro te ondermijnen.<\/p>\n\n\n\n<blockquote class=\"wp-block-quote is-layout-flow wp-block-quote-is-layout-flow\">\n<p>&#8220;Voormalige generaals, kolonels en leden van het Colombiaanse leger hebben niet alleen verklaard dat ze tegen president Gustavo Petro zijn &#8211; ze hebben zelfs buiten het Congres gemarcheerd om op te roepen tot een staatsgreep tegen zijn regering&#8221;, staat in de ondertekende brief<\/p>\n<\/blockquote>\n\n\n\n<blockquote class=\"wp-block-quote is-layout-flow wp-block-quote-is-layout-flow\">\n<p>&#8220;Het doel van deze geco\u00f6rdineerde campagne is duidelijk: de belangen van de traditionele machten van Colombia beschermen tegen volkshervormingen die de lonen zouden verhogen, de gezondheidszorg zouden verbeteren, het milieu zouden beschermen en het land &#8216;totale vrede&#8217; zouden bezorgen.&#8221;<\/p>\n<\/blockquote>\n\n\n\n<p><em>Topfoto: De Colombiaanse president Gustavo Petro loopt te midden van een mars in Bogota, 7 juni 2023. | Foto: Twitter\/ @ColResistiendo<\/em><\/p>\n\n\n\n<hr class=\"wp-block-separator has-alpha-channel-opacity\"\/>\n\n\n\n<p>Gerelateerd (berichten in dit archief, Peru\/Colombia):<\/p>\n\n\n\n<ul class=\"wp-block-list\">\n<li><a href=\"https:\/\/openbaararchief.nl\/caribic\/2023\/06\/07\/waarschuwing-soft-coup-wordt-voorbereid-in-colombia\/\">Waarschuwing: Soft-coup wordt voorbereid in Colombia.<\/a>&#8211; Junge Welt 7 juni 2023<\/li>\n\n\n\n<li><a href=\"https:\/\/openbaararchief.nl\/caribic\/2023\/06\/06\/zachte-staatsgreep-in-colombia-smerige-aanvallen-en-media-intimidatie\/\">Zachte staatsgreep in Colombia: Smerige aanvallen en media-intimidatie<\/a> \u2013 Ana Perdig\u00f3n RedRadioVE 5 juni 2023,<\/li>\n\n\n\n<li><a href=\"https:\/\/openbaararchief.nl\/caribic\/2023\/06\/03\/colombia-petro-verwijdert-ambassadeur-benedetti-tijdelijk-uit-regering\/\">Colombia: Petro verwijdert ambassadeur Benedetti tijdelijk uit regering<\/a> \u2013 Ana Perdig\u00f3n redradiove 2 juni 2023<\/li>\n\n\n\n<li><a href=\"https:\/\/openbaararchief.nl\/caribic\/2023\/05\/31\/colombias-openbaar-ministerie-doet-inval\/\">Colombia\u2019s openbaar ministerie doet inval in het kantoor van de president<\/a> \u2013 Adriaan Alsema colombiareports.com 31 mei 2023<\/li>\n\n\n\n<li><a href=\"https:\/\/openbaararchief.nl\/caribic\/2023\/05\/29\/pentagon-stuurt-troepen-naar-peru\/\">Pentagon stuurt troepen om moordenaars van Peruaanse coup regime te trainen<\/a> \u2013 Bill Van Auken, world socialists website 29 mei 2023<\/li>\n\n\n\n<li><a href=\"https:\/\/openbaararchief.nl\/caribic\/2023\/05\/27\/waarom-trekken-amerikaanse-militairen-naar-peru\/\">Waarom trekken Amerikaanse militairen naar Peru?<\/a> \u2013 Nick Corbishley nakedcapitalism 26 mei 2023<\/li>\n\n\n\n<li><a href=\"https:\/\/openbaararchief.nl\/caribic\/2023\/05\/19\/peru-laat-amerikaanse-troepen-toe\/\">Peru laat Amerikaanse troepen toe voor \u2018militaire training\u2019<\/a> \u2013 hispantv 19 mei 2023<\/li>\n\n\n\n<li><a href=\"https:\/\/openbaararchief.nl\/caribic\/2023\/04\/27\/peru-kondigt-60-dagen-noodtoestand-af-in-zijn-grensgebieden\/\">Peru kondigt 60 dagen noodtoestand af in zijn grensgebieden<\/a> \u2013 Telesur 27 april 2023<\/li>\n\n\n\n<li><a href=\"https:\/\/openbaararchief.nl\/caribic\/2023\/04\/17\/ultra-rechts-kondigt-coup-aan-in-colombia\/\">Ultra-rechts kondigt coup aan in Colombia via sociale media<\/a> \u2013 Hans Weber america21 17 april 2023<\/li>\n\n\n\n<li><a href=\"https:\/\/openbaararchief.nl\/caribic\/2023\/03\/15\/monroe-doctrine-speelt-zich-af-in-peru\/\">Monroe Doctrine speelt zich af in Per\u00fa<\/a>&nbsp;\u2013 Clau O\u2019Brien Moscoso blackagendareport 15 maart 2023&nbsp;<\/li>\n\n\n\n<li><a href=\"https:\/\/openbaararchief.nl\/caribic\/2023\/03\/06\/modus-operandi-van-de-peruaanse-lawfare\/\">Modus Operandi van de Peruaanse LawFare<\/a>&nbsp;\u2013 Miguel Santos Garc\u00eda Global Research, 6 maart 2023<\/li>\n\n\n\n<li><a href=\"https:\/\/openbaararchief.nl\/caribic\/2023\/01\/11\/hector-bejar-onderdrukking-in-peru\/\">H\u00e9ctor B\u00e9jar: Onderdrukking in Peru, na illegale afzetting van president Pedro Castillo<\/a>&nbsp;\u2013 Hector Bejar, LIMA 9 januari 2023<\/li>\n\n\n\n<li><a href=\"https:\/\/openbaararchief.nl\/caribic\/2022\/12\/30\/anti-oproer-oorlog-in-peru-2\/\">Anti-oproer oorlog. Amerikaanse bases en troepen in Peru \u2013 deel 2<\/a>&nbsp;\u2013 Stella Calloni REDH-Cuba 30 december 2022<\/li>\n\n\n\n<li><a href=\"https:\/\/openbaararchief.nl\/caribic\/2022\/12\/28\/anti-oproer-oorlog-in-peru-1\/\">Anti-oproer oorlog; Amerikaanse basissen en troepen in Peru, deel-1<\/a>&nbsp;\u2013 Stella Calloni Resumen-English, 28 december 2022<\/li>\n\n\n\n<li><a href=\"https:\/\/openbaararchief.nl\/caribic\/2022\/12\/24\/latijns-amerika-verwerpt-staatsgreep-in-peru\/\">Latijns-Amerika verwerpt staatsgreep in Peru \u2013 VS steunt ongekozen regime dat demonstranten doodt<\/a>&nbsp;\u2013 Ben Norton multipolarista 24 december 2022<\/li>\n\n\n\n<li><a href=\"https:\/\/openbaararchief.nl\/caribic\/2022\/12\/07\/historische-top-voor-kleine-boeren\/\">Historische top voor kleine boeren in Colombia met steun van de regering<\/a> \u2013 Hans Weber amerika21, 7 december 2022<\/li>\n\n\n\n<li><a href=\"https:\/\/openbaararchief.nl\/caribic\/2022\/11\/03\/president-van-colombia-draagt-land-over\/\">President van Colombia draagt land van paramilitairen over aan boerencollectieven<\/a> \u2013 Hans-Peter Schmutz america21, 3 oktober 2022<\/li>\n<\/ul>\n","protected":false},"excerpt":{"rendered":"<p>Bron: Telesur, 7 mei 2023 ~~~ Naast het manipuleren van de wetten voor antidemocratische doeleinden, werken de conservatieven heimelijk binnen de politie en het leger om het gezag van Petro te ondermijnen.<\/p>\n","protected":false},"author":1,"featured_media":7397,"comment_status":"closed","ping_status":"closed","sticky":false,"template":"","format":"standard","meta":{"footnotes":""},"categories":[52],"tags":[],"class_list":["post-7396","post","type-post","status-publish","format-standard","has-post-thumbnail","hentry","category-colombia"],"_links":{"self":[{"href":"https:\/\/www.handsoffvenezuela.nl\/index.php\/wp-json\/wp\/v2\/posts\/7396","targetHints":{"allow":["GET"]}}],"collection":[{"href":"https:\/\/www.handsoffvenezuela.nl\/index.php\/wp-json\/wp\/v2\/posts"}],"about":[{"href":"https:\/\/www.handsoffvenezuela.nl\/index.php\/wp-json\/wp\/v2\/types\/post"}],"author":[{"embeddable":true,"href":"https:\/\/www.handsoffvenezuela.nl\/index.php\/wp-json\/wp\/v2\/users\/1"}],"replies":[{"embeddable":true,"href":"https:\/\/www.handsoffvenezuela.nl\/index.php\/wp-json\/wp\/v2\/comments?post=7396"}],"version-history":[{"count":1,"href":"https:\/\/www.handsoffvenezuela.nl\/index.php\/wp-json\/wp\/v2\/posts\/7396\/revisions"}],"predecessor-version":[{"id":7398,"href":"https:\/\/www.handsoffvenezuela.nl\/index.php\/wp-json\/wp\/v2\/posts\/7396\/revisions\/7398"}],"wp:featuredmedia":[{"embeddable":true,"href":"https:\/\/www.handsoffvenezuela.nl\/index.php\/wp-json\/wp\/v2\/media\/7397"}],"wp:attachment":[{"href":"https:\/\/www.handsoffvenezuela.nl\/index.php\/wp-json\/wp\/v2\/media?parent=7396"}],"wp:term":[{"taxonomy":"category","embeddable":true,"href":"https:\/\/www.handsoffvenezuela.nl\/index.php\/wp-json\/wp\/v2\/categories?post=7396"},{"taxonomy":"post_tag","embeddable":true,"href":"https:\/\/www.handsoffvenezuela.nl\/index.php\/wp-json\/wp\/v2\/tags?post=7396"}],"curies":[{"name":"wp","href":"https:\/\/api.w.org\/{rel}","templated":true}]}}