
{"id":5203,"date":"2021-07-24T16:15:37","date_gmt":"2021-07-24T14:15:37","guid":{"rendered":"http:\/\/www.handsoffvenezuela.nl\/?p=5203"},"modified":"2021-07-24T16:15:40","modified_gmt":"2021-07-24T14:15:40","slug":"aanhoudende-crisis-in-haiti","status":"publish","type":"post","link":"https:\/\/www.handsoffvenezuela.nl\/index.php\/2021\/07\/aanhoudende-crisis-in-haiti\/","title":{"rendered":"Aanhoudende crisis in Ha\u00efti, VS stuurt speciale gezant"},"content":{"rendered":"\n<pre class=\"wp-block-preformatted\">Bron: Christian Betov<a href=\"https:\/\/www.amerika21.de\/2021\/07\/252747\/anhaltende-krise-haiti\"> <\/a>\n<a href=\"https:\/\/www.amerika21.de\/2021\/07\/252747\/anhaltende-krise-haiti\">amerika21 24 juli 2021<\/a> ~~~<\/pre>\n\n\n\n<p><strong>Nieuwe verdachten van moord, financiers zouden in VS wonen. Oppositiepartijen en maatschappelijke groeperingen distanti\u00ebren zich van nieuwe premier en zijn kabinet<\/strong><\/p>\n\n\n\n<!--more-->\n\n\n\n<p>Port-au-Prince. De Ha\u00eftiaanse president Jovenel Mo\u00efse, die op 7 juli werd vermoord, is gisteren onder zware beveiliging <a href=\"https:\/\/www.diariolibre.com\/actualidad\/haiti-despide-este-viernes-a-su-asesinado-presidente-en-medio-de-tensiones-HK27693774\">begraven<\/a> in zijn geboorteplaats Cap-Haitien. Ook <a href=\"https:\/\/www.prensa-latina.cu\/index.php?o=rn&amp;id=464300&amp;SEO=canciller-de-haiti-promete-continuar-investigacion-sobre-magnicidio\">aanwezig<\/a> waren zijn vrouw Martine Ethienne, die gewond raakte bij de moordaanslag, en de drie kinderen van het echtpaar.<\/p>\n\n\n\n<p>Voormalig interim-premier en huidig minister van Buitenlandse Zaken Claude Joseph zei diezelfde dag dat het onderzoek naar de moord zou worden voortgezet. Tot dusver hebben de autoriteiten 26 mensen gearresteerd, waaronder 18 Colombianen.<\/p>\n\n\n\n<p>De dag voor de begrafenis <a href=\"https:\/\/lenouvelliste.com\/article\/230546\/des-capois-marchent-pour-exiger-justice-pour-le-president-jovenel-moise\">demonstreerden<\/a> enkele honderden aanhangers van Mo\u00efse in de stad Cap-Haitien om gerechtigheid te eisen voor de moord en om te protesteren tegen de tweedeling van de samenleving. De moord op Mo\u00efse heeft historische en <a href=\"https:\/\/lenouvelliste.com\/article\/230546\/des-capois-marchent-pour-exiger-justice-pour-le-president-jovenel-moise\">gewelddadige<\/a> conflicten nieuw leven ingeblazen tussen de zogenaamde mestiezen of mulatten in het zuiden en westen, en de zwarte bewoners in het noorden van de Caribische natie. Dit is de streek waar Mo\u00efse vandaan komt. Naast de vreedzame betogingen <a href=\"https:\/\/www.rnd.de\/politik\/haiti-nach-tod-von-praesident-moise-anhaenger-drohen-mit-gewalt-6N2A53S5PE65ZC64YGRTLDDM6Y.html\">dreigden<\/a> aanhangers van de ex-president met geweld als &#8220;leden van de elites uit de hoofdstad&#8221; naar de begrafenis zouden komen.<\/p>\n\n\n\n<p>Vanwege de aanhoudende conflictsituatie heeft het Amerikaanse ministerie van Buitenlandse Zaken donderdag een speciale gezant, ambassadeur Daniel Foote, naar Ha\u00efti <a href=\"https:\/\/www.rnd.de\/politik\/haiti-nach-praesidenten-ermordung-washington-schickt-sondergesandten-GPTOCH4F7OHJJJA562YAIRIEUQ.html\">gestuurd<\/a> om &#8220;te pleiten voor stabiliteit in Ha\u00efti&#8221; door te helpen bij de co\u00f6rdinatie van humanitaire hulp en &#8220;te helpen bij de ondersteuning van lokale veiligheidstroepen&#8221;. Hij zou zich ook aansluiten bij de internationale partners van Ha\u00efti en de VS om het houden van &#8220;vrije en eerlijke presidents- en parlementsverkiezingen&#8221; te ondersteunen. Foote had eerdere <a href=\"https:\/\/acento.com.do\/internacional\/eeuu-nombra-un-enviado-especial-para-haiti-para-apoyar-la-estabilidad-tras-el-asesinato-de-moise-8967628.html\">ervaring<\/a> in Ha\u00efti als plaatsvervangend hoofd van de Amerikaanse ambassade.<\/p>\n\n\n\n<p>Afgelopen maandag heeft Ariel Henry, die twee dagen voor Mo\u00efse&#8217;s dood door hem was benoemd, de functie van premier overgenomen. Voordien was er een <a href=\"https:\/\/www.diariolibre.com\/usa\/actualidad\/nuevo-primer-ministro-de-haiti-nombra-su-gabinete-con-joseph-como-canciller-MC27618334\">machtsconflict<\/a> geweest tussen Hendry en de zelfbenoemde interim-premier Claude Joseph, die aanvankelijk weigerde de post op te geven. Om het conflict te be\u00ebindigen keerde Joseph terug naar de post van <a href=\"https:\/\/listindiario.com\/las-mundiales\/2021\/07\/22\/680526\/oposicion-de-haiti-y-grupos-de-sociedad-civil-se-distancian-del-nuevo-primer-ministro\">minister van Buitenlandse Zaken<\/a>. Het nieuwe kabinet bestaat uit 18 personen, waaronder drie ministers uit de vorige regering.<\/p>\n\n\n\n<p>In een <a href=\"https:\/\/eldinero.com.do\/168067\/ee-uu-expresa-al-primer-ministro-de-haiti-importancia-de-prontas-elecciones\/\">telefoongesprek<\/a> met Henry op donderdag benadrukte de Amerikaanse minister van Buitenlandse Zaken, Anthony Blinken, de noodzaak van spoedige verkiezingen en een &#8220;brede politieke consensus en consensus in de burgermaatschappij over de prioriteiten van de regering&#8221;.<\/p>\n\n\n\n<p>Tijdens zijn inaugurele rede op dinsdag beloofde Henry een &#8220;oprechte dialoog&#8221; met de oppositie en andere sectoren van de civiele samenleving te bevorderen. Hij benadrukte ook dat de geplande verkiezingen &#8220;niet-onderhandelbaar&#8221; waren en dat hij zich concentreerde op het scheppen van de voorwaarden daarvoor.<\/p>\n\n\n\n<p>De oppositiepartijen en de &#8220;Coalitie van actoren van de civiele samenleving&#8221; (Casc) distantieerden zich van de nieuwe regering. Een van de <a href=\"https:\/\/www.diariolibre.com\/actualidad\/internacional\/haiti-estrena-un-nuevo-gobierno-que-tiende-la-mano-a-la-oposicion-FA27637828\">redenen<\/a> die zij daarvoor aangaven, was de opname van ambtenaren uit de vorige regering. De nieuwe &#8220;de facto regering werd met geweld ge\u00efnstalleerd door de internationale gemeenschap om te vernietigen wat er nog over was van het land en om het systeem van straffeloosheid en corruptie voort te zetten&#8221;, bekritiseerde de Casc in een verklaring die aan <a href=\"http:\/\/www.alterpresse.org\/spip.php?article27252#nh1\">Alterpresse<\/a> werd toegezonden.<\/p>\n\n\n\n<p>Woensdag <a href=\"https:\/\/www.eltiempo.com\/unidad-investigativa\/presidente-de-haiti-policias-de-ese-pais-participaron-en-crimen-604740\">onthulde<\/a> de politiecommandant, L\u00e9on Charles, dat twee Ha\u00eftiaanse politieagenten betrokken waren bij de moord op Mo\u00efse en de planning ervan. Volgens verscheidene van de gearresteerde Colombiaanse ex-militairen hebben invloedrijke politieagenten het gewapende commando toegestaan de residentie van de president binnen te gaan. Charles had de FBI gevraagd om de vermoedelijke financiers van de moord te identificeren, die vermoedelijk in de VS wonen. Naast de twee politieagenten werd een twintigtal leden van de presidenti\u00eble wacht, waaronder het hoofd van de beveiliging van het Nationaal Paleis, Dimitri H\u00e9rard, en andere hoofden van tactische eenheden, een verbod opgelegd om het land te verlaten. Een voormalig medewerker van het Ha\u00eftiaanse ministerie van Justitie wordt beschouwd als de hoofdverdachte<a href=\"https:\/\/www.infobae.com\/america\/colombia\/2021\/07\/15\/exmilitares-colombianos-detenidos-en-haiti-fueron-entrenados-en-eeuu-segun-el-pentagono\/\"> organisator<\/a> van het moordcomplot.<\/p>\n\n\n\n<p>De regering van de VS heeft eerder <a href=\"https:\/\/www.infobae.com\/america\/colombia\/2021\/07\/15\/exmilitares-colombianos-detenidos-en-haiti-fueron-entrenados-en-eeuu-segun-el-pentagono\/\">toegegeven<\/a> dat zij verschillende van de Colombiaanse ex-militairen jaren geleden heeft opgeleid toen zij deel uitmaakten van het leger, en de Drug Enforcement Administration (DEA) heeft toegegeven dat ten minste \u00e9\u00e9n van de gearresteerden een <a href=\"https:\/\/www.rcnradio.com\/internacional\/uno-de-los-sospechosos-del-asesinato-de-moise-fue-informante-de-la-dea\">informant<\/a> was voor de Amerikaanse federale dienst.<\/p>\n\n\n\n<p><em>Topfoto: Aanhangers van de vermoorde president tijdens een mis in zijn geboorteplaats Cap-Haitien. Bron: madelein teleSUR<\/em><\/p>\n\n\n\n<hr class=\"wp-block-separator\"\/>\n\n\n\n<ul class=\"wp-block-list\"><li><a href=\"https:\/\/openbaararchief.nl\/caribic\/2021\/07\/16\/de-vs-is-verantwoordelijk-voor-de-recente-onrust\/\">De VS is verantwoordelijk voor de recente onrust in het Caribisch gebied<\/a> &#8211; Andrew Korybko oneworld.press 16 jul, 2021<\/li><li><a href=\"https:\/\/openbaararchief.nl\/caribic\/2021\/07\/08\/colombiaanse-groep-gearresteerd-in-haiti\/\">Colombiaanse groep gearresteerd in verband met de moord op Moise<\/a> &#8211; : telesur 8 juli 2021<\/li><li><a href=\"https:\/\/openbaararchief.nl\/caribic\/2021\/03\/05\/europese-unie-en-fraude-in-latijns-amerika\/\">Europese Unie en fraude in Latijns-Amerika<\/a> &#8211; GuidoDeSchrijver dewereldmorgen vrijdag 5 maart 2021<\/li><li><a href=\"https:\/\/openbaararchief.nl\/caribic\/2021\/02\/01\/haiti-begint-algemene-staking\/\">Ha\u00efti begint algemene staking<\/a> &#8211; Ezra Brain leftvoice.org 1 feb, 2021<\/li><li><\/li><\/ul>\n\n\n\n<p><\/p>\n","protected":false},"excerpt":{"rendered":"<p>Bron: Christian Betov amerika21 24 juli 2021 ~~~ Nieuwe verdachten van moord, financiers zouden in VS wonen. Oppositiepartijen en maatschappelijke groeperingen distanti\u00ebren zich van nieuwe premier en zijn kabinet<\/p>\n","protected":false},"author":1,"featured_media":5204,"comment_status":"closed","ping_status":"closed","sticky":false,"template":"","format":"standard","meta":{"footnotes":""},"categories":[59],"tags":[21],"class_list":["post-5203","post","type-post","status-publish","format-standard","has-post-thumbnail","hentry","category-haiti","tag-coup"],"_links":{"self":[{"href":"https:\/\/www.handsoffvenezuela.nl\/index.php\/wp-json\/wp\/v2\/posts\/5203","targetHints":{"allow":["GET"]}}],"collection":[{"href":"https:\/\/www.handsoffvenezuela.nl\/index.php\/wp-json\/wp\/v2\/posts"}],"about":[{"href":"https:\/\/www.handsoffvenezuela.nl\/index.php\/wp-json\/wp\/v2\/types\/post"}],"author":[{"embeddable":true,"href":"https:\/\/www.handsoffvenezuela.nl\/index.php\/wp-json\/wp\/v2\/users\/1"}],"replies":[{"embeddable":true,"href":"https:\/\/www.handsoffvenezuela.nl\/index.php\/wp-json\/wp\/v2\/comments?post=5203"}],"version-history":[{"count":1,"href":"https:\/\/www.handsoffvenezuela.nl\/index.php\/wp-json\/wp\/v2\/posts\/5203\/revisions"}],"predecessor-version":[{"id":5205,"href":"https:\/\/www.handsoffvenezuela.nl\/index.php\/wp-json\/wp\/v2\/posts\/5203\/revisions\/5205"}],"wp:featuredmedia":[{"embeddable":true,"href":"https:\/\/www.handsoffvenezuela.nl\/index.php\/wp-json\/wp\/v2\/media\/5204"}],"wp:attachment":[{"href":"https:\/\/www.handsoffvenezuela.nl\/index.php\/wp-json\/wp\/v2\/media?parent=5203"}],"wp:term":[{"taxonomy":"category","embeddable":true,"href":"https:\/\/www.handsoffvenezuela.nl\/index.php\/wp-json\/wp\/v2\/categories?post=5203"},{"taxonomy":"post_tag","embeddable":true,"href":"https:\/\/www.handsoffvenezuela.nl\/index.php\/wp-json\/wp\/v2\/tags?post=5203"}],"curies":[{"name":"wp","href":"https:\/\/api.w.org\/{rel}","templated":true}]}}