
{"id":4744,"date":"2021-06-02T23:47:00","date_gmt":"2021-06-02T21:47:00","guid":{"rendered":"http:\/\/www.handsoffvenezuela.nl\/?p=4744"},"modified":"2021-06-05T21:33:04","modified_gmt":"2021-06-05T19:33:04","slug":"nieuw-onderzoek-onthult-rol-van-israelische-geheimagenten-in-colombiaanse-politieke-genocide","status":"publish","type":"post","link":"https:\/\/www.handsoffvenezuela.nl\/index.php\/2021\/06\/nieuw-onderzoek-onthult-rol-van-israelische-geheimagenten-in-colombiaanse-politieke-genocide\/","title":{"rendered":"Nieuw onderzoek onthult rol van Isra\u00eblische geheimagenten in Colombiaanse &#8220;politieke genocide&#8221;"},"content":{"rendered":"\n<pre class=\"wp-block-preformatted\">Bron: Dan Cohen \n<a href=\"https:\/\/www.mintpressnews.com\/investigation-israel-mossad-colombia-genocide-rafael-eitan\/277499\/\">mintpressnews 2 juni 2021<\/a> ~~~<\/pre>\n\n\n\n<blockquote class=\"wp-block-quote is-layout-flow wp-block-quote-is-layout-flow\"><p>Bekend als de &#8220;Rode Dans&#8221;, blijft de systematische moord op de <em>Patriotic Union <\/em>een van de meest extreme gevallen van politiek geweld in Latijns-Amerika en nieuw bewijs suggereert dat het werd bedacht door een van de meest gedecoreerde spionnen in de Isra\u00eblische geschiedenis.<br><\/p><\/blockquote>\n\n\n\n<!--more-->\n\n\n\n<p>BOGOTA, COLOMBIA &#8211; Op 6 april 1984 kwam een groep mannen gekleed in politie-uniformen aan bij het huis van Milc\u00edades Contento in de stad Viot\u00e1, Colombia. Contento was een boer, communist en lid van de <em>Patriotic Union <\/em>(Patriottische Unie &#8211; UP), een pas opgerichte experimentele politieke partij die geboren was uit de vredesonderhandelingen van voor 1985 tussen de conservatieve president Belansio Betancourt en de guerrilla&#8217;s van de Revolutionaire Strijdkrachten van Colombia, of FARC. De mannen grepen Contento, bonden hem vast en sleepten hem weg. De volgende dag werd zijn lijk in een nabijgelegen dorp gevonden.<\/p>\n\n\n\n<p>De moord op Milc\u00edades Contento markeerde het begin van een bijna twee decennia durende <a href=\"http:\/\/centromemoria.gov.co\/wp-content\/uploads\/2020\/05\/UP-Expedientes-contra-el-olvido.pdf\">uitroeiingscampagne<\/a>. Van 1984 tot 2002 werden minstens 4.153 leden van de UP &#8211; <a href=\"http:\/\/centromemoria.gov.co\/wp-content\/uploads\/2020\/05\/UP-Expedientes-contra-el-olvido.pdf\">waaronder<\/a> twee presidentskandidaten, 14 parlementsleden, 15 burgemeesters, negen burgemeesterskandidaten, drie leden van het Huis van Afgevaardigden en drie senatoren &#8211; <a href=\"https:\/\/centrodememoriahistorica.gov.co\/wp-content\/uploads\/2020\/10\/Todo-paso-frente-a-nuestros.pdf\">vermoord of verdwenen,<\/a> in wat een Colombiaanse rechtbank beschouwde als een &#8220;politieke genocide&#8221;. Volgens gegevens die aan de <em>Inter-Amerikaanse Commissie voor Mensenrechten<\/em> <a href=\"https:\/\/corteidh.or.cr\/docs\/comunicados\/cp_07_2021_eng.pdf\">zijn voorgelegd,<\/a> heeft de zuivering meer dan 6000 slachtoffers ge\u00ebist in de vorm van moorden, verdwijningen, martelingen, gedwongen verplaatsingen en andere schendingen van de mensenrechten. Van mei 1984 tot december 2002 ging er geen maand voorbij zonder moord op of verdwijning van een UP-lid. Bij de verkiezingen van 2002 die \u00c1lvaro Uribe aan de macht brachten, was de Patriottische Unie zo grondig weggevaagd dat ze de kiesdrempel niet haalde en de regering de wettelijke status van de partij ophefte.<\/p>\n\n\n\n<p>Volgens een recent onderzoek van de bekende Colombiaanse journalist Alberto Donadio werd de Patriottische Unie uitgeroeid door Betancourt&#8217;s opvolger, president Virgilio Barco Vargas, die een plan uitvoerde van een van de meest gedecoreerde spionnen uit de Isra\u00eblische geschiedenis, Rafael &#8216;Rafi&#8217; Eitan.<\/p>\n\n\n\n<p>De onthullingen onderstrepen de centrale relatie die is ontstaan tussen Isra\u00ebl en Colombia &#8211; de belangrijkste bondgenoten van de Verenigde Staten in het Midden-Oosten en Latijns-Amerika. Beide landen zijn proeftuinen voor militaire wapens en strategie\u00ebn die al lang over de hele wereld worden ge\u00ebxporteerd. Na het succes van het Plan-Colombia van de Amerikaanse regering bij het verzwakken van de guerrillabeweging FARC, werd het bejubeld als een exporteerbaar model voor de strijd tegen de opstand, dat van <a href=\"https:\/\/smallwarsjournal.com\/jrnl\/art\/more-than-a-mexican-problem-how-the-us-can-adapt-plan-colombia-to-mexico\">Mexico<\/a> tot <a href=\"https:\/\/foreignpolicy.com\/2016\/02\/03\/a-plan-colombia-for-afghanistan\/\">Afghanistan <\/a>kan worden toegepast. Isra\u00ebl van zijn kant beschikt over de grootste laboratoria ter wereld voor onderdrukking en het testen van wapens op de bezette Westelijke Jordaanoever en in de Gazastrook, waar het een gevangen bevolking van enkele miljoenen Palestijnen heeft.<\/p>\n\n\n\n<p>Door de aanwezigheid van Rafi Eitan in Colombia is de ontluikende alliantie van junior partners van het Amerikaanse imperium verdiept. Ondanks een reeks schandalen is de relatie Isra\u00ebl-Colombia in de loop der jaren alleen maar sterker geworden. Onder president Iv\u00e1n Duque hebben de twee landen hun banden hernieuwd en Isra\u00eblische militairen hebben hun Colombiaanse tegenhangers opgeleid in &#8220;terrorismebestrijding&#8221;.<\/p>\n\n\n\n<p>Toch blijft de systematische moord op de UP een van de meest extreme gevallen van politiek geweld in Latijns-Amerika. De omvang van het bloedbad is vooral opvallend omdat Colombia, in tegenstelling tot veel van de bloedigste door de V.S. gesteunde regimes van de jaren &#8217;80, nooit een dictatuur is geworden. De moord op de UP &#8211; onder de daders bekend als <a href=\"https:\/\/youtu.be\/AMQng34vHJc\">El Baile Rojo<\/a> (De Rode Dans) &#8211; vond plaats in een ogenschijnlijke &#8220;democratie&#8221;.<\/p>\n\n\n\n<h3 class=\"wp-block-heading\">&#8220;Alle inlichtingenwerk is een partnerschap met misdaad<\/h3>\n\n\n\n<p>Betrokken bij de Isra\u00eblische spionage sinds de estalbishment van de staat, wordt Eitan vooral herinnerd voor het vangen van de nazi-oorlogsmisdadiger Adolf Eichmann in Argentini\u00eb. Maar hij speelde ook een centrale rol in verschillende van de meest onfrisse operaties van de Mossad. &#8220;Alle inlichtingenwerk is een partnerschap met de misdaad. De moraal wordt opzij gezet,&#8221; <a href=\"https:\/\/www.jpost.com\/jerusalem-report\/the-spymasters-tale-415725\">merkte<\/a> Eitan ooit op.<\/p>\n\n\n\n<p>In 1965 <a href=\"http:\/\/www.archivodelosddhh.gov.co\/saia_release1\/almacenamiento\/ACTIVO\/2017-01-26\/250640\/anexos\/1_1485432891.pdf\">adviseerde<\/a> Eitan de Marokkaanse koning Hassan II over hoe de linkse politicus Mehdi Ben Barka te ontvoeren en te vermoorden.<\/p>\n\n\n\n<p>Tijdens een<a href=\"http:\/\/www.archivodelosddhh.gov.co\/saia_release1\/almacenamiento\/ACTIVO\/2017-01-26\/250640\/anexos\/1_1485432891.pdf\"> Mossad-missi<\/a>e in de Verenigde Staten in 1983 vermomde hij zich als assistent-officier van justitie op het Isra\u00eblische ministerie van Justitie en had hij een ontmoeting met de uitvinder van de PROMIS-surveillancesoftware. Na een bezoek aan het Ministerie van Justitie, <a href=\"https:\/\/www.wrmea.org\/003-september\/book-review-robert-maxwell-israel-s-superspy.html\">verkreeg <\/a>Eitan de software en liet een Isra\u00ebli\u00ebr die in Silicon Valley werkte een achterdeur in het programma installeren. Collega Mossad agent Robert Maxwell (vader van Ghislaine Maxwell, de beruchte kindersekssmokkelaar en partner-in-crime van Jeffrey Epstein), verkocht de PROMIS technologie aan tientallen landen over de hele wereld, waaronder Colombia. Hierdoor kreeg Isra\u00ebl onbeperkte toegang tot inlichtingen die het programma verzamelde in elk land dat het gebruikte, zowel vriend als vijand.<\/p>\n\n\n\n<figure class=\"wp-block-image size-large\"><img decoding=\"async\" src=\"https:\/\/openbaararchief.nl\/caribic\/wp-content\/uploads\/sites\/4\/2021\/06\/AP11121217224_edited.jpg\" alt=\"\" class=\"wp-image-6719\"\/><figcaption>Eitan, midden, spreekt met Benjamin Netanyahu en andere Isra\u00eblische leiders op een tentoonstelling in de Knesset over zijn leven. Sebastian Scheiner | AP<\/figcaption><\/figure>\n\n\n\n<p>In 1985 startte Eitan een spionage operatie tegen Isra\u00ebl&#8217;s belangrijkste bondgenoot, de Verenigde Staten. Eitan&#8217;s team rekruteerde Jonathan Pollard, de Joods-Amerikaanse analist van de Naval Intelligence Service, die 800 geclassificeerde militaire inlichtingendocumenten overleverde met betrekking tot de militaire capaciteiten van Arabische staten, Pakistan en de Sovjet-Unie. Seymour Hersh rapporteerde dat de documenten over de capaciteiten van de Amerikaanse inlichtingendiensten aan de Sovjet-Unie werden doorgegeven <a href=\"https:\/\/www.newyorker.com\/magazine\/1999\/01\/18\/the-traitor\">in ruil voor <\/a>de vrijlating van Sovjet-Joden.<\/p>\n\n\n\n<p>Volgens een vrijgegeven<a href=\"https:\/\/nsarchive.gwu.edu\/dc.html?doc=7332518-National-Security-Archive-Doc-13b-Foreign-Denial\"> schade-evaluatie<\/a> van de CIA, drong Eitan er bij Pollard op aan om materiaal te verkrijgen over signalen van inlichtingendiensten en &#8220;vuil over Isra\u00eblische politieke figuren, alle informatie die Isra\u00eblische functionarissen die informatie aan de Verenigde Staten verschaften zouden kunnen identificeren, en alle informatie over Amerikaanse inlichtingenoperaties die gericht waren tegen Isra\u00ebl&#8221;. Volgens een gerechtelijk <a href=\"https:\/\/nsarchive.gwu.edu\/dc.html?doc=7332512-National-Security-Archive-Doc-08b-Defendant\">document <\/a>weigerde Pollard enkele van Eitan&#8217;s verzoeken &#8220;omdat hij vermoedde dat Eitan dergelijke studies zou gebruiken voor ongepaste politieke chantage.&#8221;<\/p>\n\n\n\n<p>De ontdekking van de spionage operatie deed Pollard in de gevangenis belanden. De federale aanklagers van de VS <a href=\"https:\/\/www.nytimes.com\/1986\/06\/05\/us\/darker-side-of-us-israeli-ties-revealed-israeli-in-case-few-facts-known.html\">noemden<\/a> Eitan als \u00e9\u00e9n van de vier medesamenzweerders maar weigerden een aanklacht in te dienen. Met Eitan in het middelpunt van een nationale schande, keerde hij terug naar Isra\u00ebl en zette nooit meer een voet in de VS.<\/p>\n\n\n\n<p>Niettemin zorgde Eitan&#8217;s elitestatus ervoor dat hij in een comfortabele positie terecht kwam. In de jaren zeventig was hij plaatsvervanger van Ariel Sharon, toen nationaal veiligheidsadviseur van premier Yitzhak Rabin. Sharon, daarna generaal in het leger, zorgde ervoor dat Eitan werd benoemd tot president van Israel Chemicals, het grootste staatsbedrijf van het land. Deze nieuwe positie gaf Eitan veel vrije tijd om zijn ervaring in black ops (geheime operaties) te gebruiken voor een positie als clandestiene nationale veiligheidsadviseur voor de president van Colombia, Virgilio Barco Vargas. Toen de Patriottische Unie zich begon te groeperen tot een formidabele politieke partij, zocht Barco naar een manier om deze te stoppen. En Eitan&#8217;s levenslange ervaring in het voeren van oorlog tegen de Palestijnse boerenbevolking maakte hem de perfecte man voor de job.<\/p>\n\n\n\n<h3 class=\"wp-block-heading\">Eitan gaat naar Colombia<\/h3>\n\n\n\n<p>In 1985 onderhandelden de Colombiaanse president Belisario Betancourt en de FARC rebellen over een vredesakkoord om een einde te maken aan bijna drie decennia van gewapend conflict. Het akkoord maakte de oprichting mogeliijk van de Patriottische Unie en zag ex-guerrilla&#8217;s zich verenigen met communisten, vakbondsmensen, gemeentebesturen en linkse intellectuelen om een partij te vormen die de FARC zou integreren in het electorale politieke systeem. Terwijl de onderhandelingen aan de gang waren, werden leden van de Patriottische Unie vermoord. In mei 1986 won Virgilio Barco, leider van de Liberale Partij, het presidentschap. Kort na zijn ambtsaanvaarding steeg het aantal moorden op UP-leden explosief. Maar liefst 400 leden werden vermoord in de eerste 14 maanden van zijn ambtstermijn.<\/p>\n\n\n\n<p>Volgens een <a href=\"https:\/\/losdanieles.com\/columnista-invitado\/virgilio-barco-y-el-exterminio-de-la-up\/\">onderzoek<\/a> van Donadio bracht Barco op 7 augustus 1986 in het geheim de ervaren Mossad agent Rafi Eitan naar Colombia om advies in te winnen over hoe de FARC te verslaan. Na een eerste clandestiene ontmoeting in het presidentieel paleis van Colombia, reisde Eitan maandenlang met Colombiaanse adviseurs door het land, in het geheim gefinancierd door de Colombiaanse energiegigant Ecopetrol.<\/p>\n\n\n\n<p>Tijdens de tweede bijeenkomst legde president Barco de aanbeveling van Eitan uit aan secretaris-generaal Germ\u00e1n Montoya en een aanwezige figuur van de hoge militaire leiding. Eitan bood zelfs aan om de moorden zelf te leiden in ruil voor een extra honorarium, maar de militaire commandant wees zijn aanbod af en drong erop aan dat een uitsluitend Colombiaanse strijdmacht de moorden zou uitvoeren.<\/p>\n\n\n\n<p>Decennia lang was de rol van Eitan in de Colombiaanse genocide duidelijk zichtbaar, zelfs als zijn aanwezigheid onder de radar van de media verdween. De uitgave van 1 februari 1987 van de Colombiaanse krant El Espectador bevatte een verborgen<a href=\"http:\/\/www.archivodelosddhh.gov.co\/saia_release1\/almacenamiento\/ACTIVO\/2017-01-26\/250640\/anexos\/1_1485432891.pdf\"> verslag<\/a> over het inhuren van Eitan, met de vermelding dat hij was ingehuurd vanwege zijn expertise in &#8220;counterinsurgency&#8221;. In 1989 <a href=\"https:\/\/www.washingtonpost.com\/archive\/opinions\/1989\/09\/03\/israeli-consultants-should-be-more-careful\/721160fa-00df-4d24-9657-c7468617f82c\/\">meldden <\/a>de ervaren journalisten Yossi Melman en Dan Raviv in The Washington Post dat de Isra\u00ebli\u00ebr was ingehuurd als nationaal veiligheidsadviseur voor de Colombiaanse regering.<\/p>\n\n\n\n<figure class=\"wp-block-image size-large\"><img decoding=\"async\" src=\"https:\/\/openbaararchief.nl\/caribic\/wp-content\/uploads\/sites\/4\/2021\/06\/Screenshot-1_edited.jpg\" alt=\"\" class=\"wp-image-6720\"\/><\/figure>\n\n\n\n<p>Een nu verdwenen verslag uit de editie van februari 1987 van de Spaanstalige El Espectador over de aanwerving van Eitan<\/p>\n\n\n\n<p>Toen Donadio begon te zoeken naar documentatie over de rol van Eitan, <a href=\"https:\/\/www.elespectador.com\/noticias\/politica\/un-cazador-de-nazis-contratado-por-el-presidente-virgilio-barco\/&amp;sa=D&amp;source=editors&amp;ust=1618439433413000&amp;usg=AOvVaw28fEr-P200lIQrw9mBJOxc\/\">vond<\/a> hij een memo en een ontwerpcontract met een Isra\u00eblisch beveiligingsbedrijf genaamd &#8220;Ktalav Promotion and Investment Ltd&#8221; in de dossiers van Barco&#8217;s juridisch secretaris, Fern\u00e1n Bejarano Arias, die vandaag de vice-president is van juridische zaken bij Ecopetrol. In het document wordt de waarde van de overeenkomst bepaald op bijna 1 miljoen dollar, met inbegrip van een honorarium van 535.714 dollar, dat &#8220;tot 50 tickets voor luchtvervoer, heen en terug, op de route Tel Aviv-Bogot\u00e1&#8221; dekt, naast andere uitgaven. De memo geeft aan dat delen van het contract werden overeengekomen met de advocaat Ernesto Villamizar Cajiao.<\/p>\n\n\n\n<p>Toen Donadio<a href=\"https:\/\/www.elespectador.com\/noticias\/politica\/el-espia-rafi-eitan-habria-venido-a-proteger-al-presidente-virgilio-barco\/\"> contact opnam <\/a>met Villamizar en hem vroeg naar het contract met KPI, zonder de naam van de Mossad-spion te noemen, antwoordde Villamizar hem met een vraag. &#8220;Rafi Eitan?&#8221;<\/p>\n\n\n\n<p>Hoewel Eitan zijn activiteiten in Colombia discreet trachtte te houden, onthulde een<a href=\"https:\/\/www.makorrishon.co.il\/magazine\/262065\/\"> omschrijving<\/a> in het Isra\u00eblische tijdschrift Makor Rishon dat hij een centrale rol speelde bij de aankoop van 20 Isra\u00eblische Kfir gevechtsvliegtuigen in maart 1989. Eitan &#8220;organiseerde een bezoek van hoge legerkaders uit Colombia &#8211; een bezoek dat een gevolg had van Colombianen die veel dingen bestelden bij de [Isra\u00eblische] luchtmacht, en het bracht Isra\u00ebl veel voordeel &#8211; maar hijzelf mocht niet deelnemen aan de bijeenkomst.&#8221; Na de aankoop <a href=\"https:\/\/www.fac.mil.co\/milestones-palanquero-history\">stuurde<\/a> Colombia verschillende piloten naar Isra\u00ebl voor training. De jets werden <a href=\"https:\/\/www.jpost.com\/israel-news\/israels-kfir-jets-going-up-against-swedens-saab-jets-595613\">gebruikt <\/a>in talrijke operaties tegen de FARC gedurende drie daaropvolgende decennia.<\/p>\n\n\n\n<h3 class=\"wp-block-heading\">Yair Klein arriveert in Colombia<\/h3>\n\n\n\n<p>Voor Colombianen is een andere Isra\u00ebli\u00ebr bekend voor zijn rol in de doodseskaders die het land teisteren sinds de jaren &#8217;80. Terwijl Eitan President Barco adviseerde, arriveerde een Isra\u00eblische huurling genaamd Yair Klein in Colombia en begon narco-paramilitairen <a href=\"https:\/\/www.latimes.com\/archives\/la-xpm-1989-08-30-mn-1305-story.html\">op te leiden <\/a>in het neerslaan van de FARC opstand.<\/p>\n\n\n\n<p>Klein, een gepensioneerd militair, begon in 1984 een huurlingenbedrijf met de naam Hod Hahanit (Spearhead), dat recruteerde uit de reserves van voormalige Isra\u00eblische politie- en specialoperations-eenheden.<\/p>\n\n\n\n<figure class=\"wp-block-image size-large\"><img decoding=\"async\" src=\"https:\/\/openbaararchief.nl\/caribic\/wp-content\/uploads\/sites\/4\/2021\/06\/18484-001-26_edited.jpg\" alt=\"\" class=\"wp-image-6721\"\/><figcaption>Yair Klein verschijnt voor een Isra\u00eblische rechtbank in 1989. Rachamim Shaul | De Nationale Bibliotheek van Isra\u00ebl<\/figcaption><\/figure>\n\n\n\n<p>Volgens <a href=\"https:\/\/www.amazon.com\/All-Clouded-Desire-International-Comparative\/dp\/0275983307\">het boek <\/a>&#8220;All Is Clouded by Desire: Global Banking, Money Laundering, and International Organized Crime&#8221;, sloot de huurlingenbende zijn eerste deal tijdens de burgeroorlog in Libanon, door de beruchte brutale Christelijke Phalangistische milities te bevoorraden &#8211; dezelfde strijdkrachten die tussen 800 en 3.500 Palestijnse vluchtelingen afslachtten in de Sabra en Shatila kampen onder direct Isra\u00eblisch militair toezicht in september 1982.<\/p>\n\n\n\n<p>In 1987 landde Klein in Colombia voor een ontmoeting met de Isra\u00eblische luitenant-kolonel Yithzakh Shoshani en Arik Afek, die beiden in de jaren daarvoor een positie hadden verworven met lucratieve deals voor de verkoop van militair materieel in Colombia. Shoshani <a href=\"https:\/\/www.jta.org\/1989\/08\/30\/archive\/behind-the-headlines-israeli-firms-activities-in-colombia-raise-questions-about-military-ties\">werd<\/a> vervolgens het belangrijkste kanaal tussen Klein en zijn Colombiaanse klanten.<\/p>\n\n\n\n<p>In 1990 werd Afek&#8217;s ontbindende lichaam met meerdere schotwonden <a href=\"https:\/\/www.nytimes.com\/1990\/01\/26\/us\/israeli-tied-to-suspect-colonel-is-discovered-slain-in-miami.html\">gevonden<\/a> in de kofferbak van een auto op Miami International Airport nadat een voetganger de stank had opgemerkt. Hij werd naar verluidt onderzocht door de CIA en werd gezocht door de Colombiaanse autoriteiten.<\/p>\n\n\n\n<p>Klein vertelde mij in een telefonisch interview dat hij werkte vanuit het Isra\u00eblische Ministerie van Defensie en de staatswapenfabrikant, Israel Military Industries (IMI), die een contract hadden met een Colombiaans bedrijf voor datatoezicht, verkregen via het Colombiaanse Ministerie van Defensie. Hij zei dat hij oorspronkelijk was ingehuurd om beveiliging te bieden voor de bananenteelt in de regio Uraba, waar het Amerikaanse fruitbedrijf Chiquita (voorheen united fruit compagny) miljoenen dollars had <a href=\"https:\/\/pulitzercenter.org\/stories\/chiquita-made-killing-colombias-civil-war\">betaald <\/a>aan Colombiaanse doodseskaders.<\/p>\n\n\n\n<p>Shoshani, zo legde hij uit, werkte voor een bedrijf genaamd AMKAN, dat een dochteronderneming is van IMI. De Colombiaanse Federatie van Veehouders, die al lang bekend staat om haar <a href=\"https:\/\/pares.com.co\/2020\/03\/03\/fedegan-una-historia-de-violencia-y-depredacion\/\">banden <\/a>met paramilitairen, nam contact op met Shoshani om Eitan een strijdmacht te laten trainen tegen guerrilla&#8217;s.<\/p>\n\n\n\n<p>Met Shoshani als gids, keerde Klein in 1988 terug naar Israel en ontmoette top paramilitaire en militaire figuren en rijke zakenlieden. Dit alles, verzekerde Klein mij, gebeurde met medeweten van de Isra\u00eblische regering. &#8220;Je kunt niets doen zonder toestemming van het Ministerie van Defensie,&#8221; zei hij.<\/p>\n\n\n\n<p>De verklaring van Klein is in tegenspraak met de bewering van toenmalig minister van Defensie Yitzhak Rabin, die het Jewish Telegraphic Agency <a href=\"https:\/\/www.jta.org\/1989\/08\/31\/archive\/israeli-firm-was-denied-license-and-warned-to-get-out-of-colombia\">vertelde<\/a> dat het Isra\u00eblische ministerie van Defensie Klein&#8217;s bedrijf een vergunning had geweigerd en hem had gewaarschuwd het land te verlaten.<\/p>\n\n\n\n<h3 class=\"wp-block-heading\">Doodseskadersleider: &#8216;Ik leerde oneindig veel situaties in Isra\u00ebl&#8217;<\/h3>\n\n\n\n<p>Klein hield drie trainingssessies, elk voor ongeveer 30 mensen. Hij werd bijgestaan door drie trainers, die allen kolonels waren in het Isra\u00eblische leger: Tzadaka Abraham, Teddy Melnik en Amatzia Shuali.<\/p>\n\n\n\n<p>Klein trainde de broers Carlos en Fidel Casta\u00f1o, de leiders van de groep die later de beruchte gewelddadige United Self-Defense Forces zouden vormen, in het Spaans bekend onder het acroniem AUC. Onder de bescherming van rijke landeigenaren, drugsbaronnen, veeboeren, politici en het Colombiaanse leger richtte de AUC in het hele land bloedstollende slachtpartijen aan, waarbij zelfs <a href=\"https:\/\/www.washingtonpost.com\/archive\/politics\/2001\/04\/21\/colombian-massacre-large-brutal\/0ea61a75-0e54-4c47-89a0-f1e139597f3f\/\">kettingzagen<\/a> werden gebruikt om boeren te vermoorden en in stukken te hakken, allemaal met het doel om gemeenschappen te terroriseren zodat ze hun land zouden ontvluchten. De Verenigde Naties<a href=\"https:\/\/thebogotapost.com\/its-a-matter-of-perception\/15261\/\"> schatten <\/a>in 2016 dat de AUC verantwoordelijk was voor 80% van de doden in het conflict.<\/p>\n\n\n\n<p>Uiteindelijk werd Carlos Casta\u00f1o gedood, naar verluidt door zijn broer Vicente, een andere machtige paramilitaire leider. En hoewel de AUC in 2007 officieel werd gedemobiliseerd, werden de paramilitairen snel genoeg gehergroepeerd onder verschillende vaandels en nieuwe formaties, waarbij ze nauw verbonden bleven met de staat en zakelijke belangen.<\/p>\n\n\n\n<figure class=\"wp-block-image size-large\"><img decoding=\"async\" src=\"https:\/\/openbaararchief.nl\/caribic\/wp-content\/uploads\/sites\/4\/2021\/06\/AP646725908960_edited.jpg\" alt=\"\" class=\"wp-image-6722\"\/><figcaption>Leden van de door Isaeli getrainde AUC wonen in 2005 een demobilisatieceremonie bij in Cristales, Colombia. Luis Benavides | AP<\/figcaption><\/figure>\n\n\n\n<p>Maar de invloed van Isra\u00ebl in de doodseskaders van Colombia is niet alleen via de opleiding van Klein. In zijn autobiografie <a href=\"https:\/\/larrlasa.org\/articles\/10.25222\/larr.111\/\">schreef <\/a>Carlos Casta\u00f1o, oprichter van de AUC, dat hij van 1983-1984 had gestudeerd aan de Hebreeuwse Universiteit van Jeruzalem en aan Isra\u00eblische militaire scholen. Casta\u00f1o beschreef de training in geavanceerde wapens en tactieken die hij kreeg en die de basis zouden worden van de Colombiaanse paramiltaristische oorlog tegen boeren:<\/p>\n\n\n\n<blockquote class=\"wp-block-quote is-layout-flow wp-block-quote-is-layout-flow\"><p>Ik kreeg les in stedelijke strategie\u00ebn, hoe jezelf te beschermen, hoe iemand te doden of wat te doen als iemand je probeert te doden. \u2026We leerden hoe we een gepantserde auto konden stoppen en hoe we fragmentatiegranaten konden gebruiken om een doelwit binnen te dringen. We oefenden met meerdere granaatwerpers, en leerden hoe je accurate schoten maakt met RPG-7&#8217;s, of een kanonsgranaat door een raam schiet.&#8221;<\/p><\/blockquote>\n\n\n\n<p>Casta\u00f1o &#8220;kreeg ook lezingen over hoe de wapenhandel in de wereld werkt, en hoe je wapens moet kopen.&#8221;<\/p>\n\n\n\n<p>Naast de militaire training die hij kreeg, waardeert Casta\u00f1o zijn tijd in Isra\u00ebl voor de revolutionaire ontwikkeling van zijn hele wereldbeeld. In die periode werd de toekomstige massamoordenaar een vurig bewonderaar van het zionisme en raakte hij ervan overtuigd dat het mogelijk was om de opstand in Colombia uit te roeien:<\/p>\n\n\n\n<blockquote class=\"wp-block-quote is-layout-flow wp-block-quote-is-layout-flow\"><p>Ik bewonder de Joden om hun moed in de confrontatie met het antisemitisme, hun overlevingsstrategie in de diaspora, de zekerheid van hun zionisme, hun mystiek, hun religie, en bovenal om hun nationalisme\u2026 Ik heb in Isra\u00ebl oneindig veel thema&#8217;s geleerd en [aan] dat land heb ik een deel van mijn cultuur te danken, mijn prestaties zowel op menselijk als op militair gebied, en hoewel ik in herhaling val, ik heb in Isra\u00ebl niet alleen geleerd over militaire training.<\/p><p>Het was daar dat ik ervan overtuigd raakte dat het mogelijk was om de guerrilla&#8217;s in Colombia te verslaan. Ik begon te zien hoe een volk zich kon verdedigen tegen de hele wereld. Ik begreep hoe je iemand die iets te verliezen had in een oorlog, erbij kon betrekken door van zo iemand de vijand van mijn vijanden te maken. In feite, het idee van wapens voor &#8220;autodefensa&#8221; [zelfverdediging] heb ik afgekeken van de Isra\u00ebli&#8217;s; elke burger van dat land is een potenti\u00eble soldaat.&#8221;<\/p><\/blockquote>\n\n\n\n<p>Klein<a href=\"https:\/\/www.semana.com\/nacion\/articulo\/yair-klein-cuenta-su-historia\/255142-3\/\"> trainde<\/a> ook Jaime Eduardo Rueda Rocha, die in 1989 de presidentskandidaat van de Liberale Partij Luis Carlos Gal\u00e1n vermoordde, de grote favoriet om de komende verkiezingen te winnen. Niet alleen had Klein de moordenaar opgeleid, maar het wapen dat Rueda gebruikte was onderdeel van een door Klein georkestreerde zending van 500 in Isra\u00ebl gemaakte machinegeweren van Miami naar het drugskartel van Medellin, volgens een <a href=\"https:\/\/books.google.com\/books?id=R_plAwAAQBAJ&amp;pg=PA77&amp;lpg=PA77&amp;dq=nbc+news+yair+klein&amp;source=bl&amp;ots=-wYIN3i54V&amp;sig=ACfU3U0WdQp373757RMbJfZtIDX7hP0vLw&amp;hl=en&amp;sa=X&amp;ved=2ahUKEwiVkv66paTvAhUIMlkFHRf9Dcs4ChDoATAOegQIDxAD#v=onepage&amp;q=nbc%20news%20yair%20klein&amp;f=false\">rapport <\/a>van de Senaatscommissie voor Buitenlandse Betrekkingen uit 1989. (In 2016 werd Miguel Alfredo Maza M\u00e1rquez, hoofd van Colombia&#8217;s toenmalige Administratieve Departement van Veiligheid (DAS), schuldig bevonden van deelname aan het complot om Gal\u00e1n te vermoorden en veroordeeld tot 30 jaar gevangenisstraf. Hij heeft sindsdien <a href=\"https:\/\/www.semana.com\/nacion\/articulo\/la-verdad-del-general-miguel-maza-marquez\/643963\/\">getuigd<\/a> dat hooggeplaatste leden van het leger de moord op Gal\u00e1n hebben beraamd).<\/p>\n\n\n\n<p>Toen de onthullingen dat een militaire reserveofficier doodseskaders had getraind een internationaal schandaal veroorzaakte, diende de Isra\u00eblische regering een aanklacht in en veroordeelde Klein voor het illegaal exporteren van wapens en militaire expertise.<\/p>\n\n\n\n<p>In 2001 berechtte de Colombiaanse regering Klein bij verstek en veroordeelde hem tot elf jaar gevangenisstraf. In 2007 werd Klein in Moskou gearresteerd op basis van een arrestatiebevel van Interpol, en bracht hij drie jaar in de gevangenis door. Colombia verzocht om zijn uitlevering, maar in november 2010 oordeelde het Europees Hof voor de Rechten van de Mens dat Colombia zijn fysieke veiligheid niet kon garanderen. De Russische regering voldeed aan de uitspraak van het EHRM en liet Klein vrij, zodat hij naar Isra\u00ebl kon terugkeren. Colombia heeft sindsdien om zijn uitlevering verzocht, maar de Isra\u00eblische regering heeft dat geweigerd.<\/p>\n\n\n\n<p>Het bedrijf van Klein, Hod Hahanit, is tot op de dag van vandaag <a href=\"https:\/\/441il.com\/listco_res\/%D7%97%D7%95%D7%93+%D7%94%D7%97%D7%A0%D7%99%D7%AA+%D7%91%D7%99%D7%98%D7%97%D7%95%D7%9F+%D7%91%D7%A2%22%D7%9E\/HOD+HAHANIT+SECURITY+LTD\/%D7%90%D7%95%D7%A8+%D7%99%D7%94%D7%95%D7%93%D7%94+%D7%94%D7%94%D7%A1%D7%AA%D7%93%D7%A8%D7%95%D7%AA+22+60200+\/513030619.html\">actief.<\/a><\/p>\n\n\n\n<h3 class=\"wp-block-heading\">Een gezamenlijke inspanning?<\/h3>\n\n\n\n<p>Hoewel Donadio&#8217;s baanbrekende onderzoek een opschudding heeft veroorzaakt in Colombia, geeft het geen antwoord op de vraag of Rafi Eitan en Yair Klein&#8217;s gelijktijdige en respectievelijke operaties als adviseur van de regering en doodseskaders een #gezamenlijke inspanning#samenwerking# waren of louter toeval.<\/p>\n\n\n\n<p>Advocaat Ernesto Villamizar van zijn kant <a href=\"https:\/\/www.elespectador.com\/noticias\/politica\/el-espia-rafi-eitan-habria-venido-a-proteger-al-presidente-virgilio-barco\/\">verklaarde<\/a> aan Donadio dat Eitan en Klein niets met elkaar te maken hadden.<\/p>\n\n\n\n<p>Klein bevestigde zijn bewering door te zeggen dat hij niet op de hoogte was van Eitans activiteiten in Colombia.<\/p>\n\n\n\n<p>Echter, een AP-artikel verwijst naar een Isra\u00eblisch mediaverslag dat Rafi Eitan (gespeld als Eytan in het artikel) in Colombia was op hetzelfde moment als Klein en vertrok enkele dagen voordat de gewapende en getrainde schutter Klein presidentskandidaat Luis Carlos Gal\u00e1n vermoordde:<\/p>\n\n\n\n<blockquote class=\"wp-block-quote is-layout-flow wp-block-quote-is-layout-flow\"><p>Het [mediareport] zei dat Rafael Eytan, een Isra\u00eblische terrorismebestrijdingsdeskundige, ontkende dat hij adviseur was van Isra\u00eblische bedrijven die in Colombia actief waren en zei dat hij alle zakelijke banden met dat land had verbroken.<\/p><p>Volgens het rapport bevestigde Eytan dat hij een week geleden om priv\u00e9-redenen naar Colombia was gevlogen.<\/p><\/blockquote>\n\n\n\n<figure class=\"wp-block-image size-large\"><a href=\"https:\/\/www.mintpressnews.com\/wp-content\/uploads\/2021\/06\/Israel-Offers-Colombia-Anti-Drug-Help.pdf\"><img decoding=\"async\" src=\"https:\/\/openbaararchief.nl\/caribic\/wp-content\/uploads\/sites\/4\/2021\/06\/PDF-Israel-offers-colombia-anti-drug-help.jpg\" alt=\"\" class=\"wp-image-6723\"\/><\/a><\/figure>\n\n\n\n<p>Buiten de vage suggestie van dat artikel, is er geen bewijs van een verband tussen Eitan en Klein. In sommige opzichten is het des te opmerkelijker dat twee Isra\u00ebli\u00ebrs die de Colombiaanse regering adviseren bij de massamoord op haar politieke tegenstanders, onafhankelijk van elkaar en zonder het van elkaar te weten opereerden.<\/p>\n\n\n\n<h3 class=\"wp-block-heading\">Relatie Isra\u00ebl-Colombia bekoeld<\/h3>\n\n\n\n<p>Na deze gevolgen van de training van Colombiaanse paramilitairen door Isra\u00ebli\u00ebrs, bekoelde de relatie tussen de twee belangrijkste Amerikaanse bondgenoten, volgens Amerikaanse diplomatieke <a href=\"https:\/\/wikileaks.org\/plusd\/cables\/09BOGOTA3483_a.html\">berichten <\/a>die door WikiLeaks werden vrijgegeven. Maar toen het Plan Colombia werd uitgevoerd, intensiveerden Isra\u00ebl en Colombia opnieuw hun samenwerking.<\/p>\n\n\n\n<p>In december 2006 huurde het Colombiaanse Ministerie van Defensie een ander Isra\u00eblisch priv\u00e9 beveiligingsbedrijf in, Global CST, om &#8220;het GOC [de regering van Colombia] te helpen bij het uitvoeren van een strategische beoordeling van het interne conflict&#8221;. Global CST wordt geleid door <a href=\"https:\/\/electronicintifada.net\/content\/netanyahu-openly-boasts-israels-war-africans\/19051\">Israel Ziv<\/a>, een carri\u00e8reofficier die, net als Yair Klein, zijn militaire ervaring heeft omgezet in een winstgevende carri\u00e8re in het adviseren en trainen van despoten over de hele wereld.<\/p>\n\n\n\n<p>&#8220;Generaal Ziv was een persoonlijke kennis van de toenmalige minister van Defensie Juan Manuel Santos,&#8221; aldus de kabel. William Brownfield, de toenmalige ambassadeur van de VS in Colombia, merkte op dat &#8220;Ziv het vertrouwen won van de voormalige minister van Defensie Santos door een goedkopere versie van USG [Amerikaanse regering] #bijstand te beloven zonder onze voorwaarden.&#8221;<\/p>\n\n\n\n<p>Onder Santos trachtte Colombia de Hermes-450 van Isra\u00ebl aan te kopen, een drone in ontwikkeling voor de bezette Westelijke Jordaanoever en de Gazastrook, en in oorlogen tegen buurland Libanon.<\/p>\n\n\n\n<p>Volgens de diplomatieke kabel verzuurden de betrekkingen tussen Tel Aviv en Bogota echter opnieuw nadat aan het licht kwam dat Global CST&#8217;s tolk en in Argentini\u00eb geboren Isra\u00ebli\u00ebr Shai Killman &#8220;kopie\u00ebn had gemaakt van geheime documenten van het Colombiaanse Ministerie van Defensie in een onsuccesvolle poging om ze te verkopen aan de Revolutionaire Strijdkrachten van Colombia.&#8221; Deze documenten bevatten &#8220;high value target (HVT) database informatie&#8221; &#8211; een verwijzing naar het FARC leiderschap dat de CIA de Colombiaanse regering <a href=\"https:\/\/www.nytimes.com\/2016\/09\/11\/world\/americas\/colombia-cocaine-human-rights.html\">hielp <\/a>met het moorden. Als gevol daarvan, en in combinatie met <a href=\"https:\/\/www.haaretz.com\/1.4999020\">druk <\/a>van de VS, dwongen Colombia ertoe het contract voor de aankoop van Isra\u00eblische drones te annuleren.<\/p>\n\n\n\n<p>Ondanks de spanningen in de decennia oude relatie, hebben de twee landen sterke banden onderhouden. In 2016 pochte de toenmalige Isra\u00eblische ambassadeur in Colombia Marco Sermoneta dat Colombia de topontvanger is van Isra\u00eblische hulp.<\/p>\n\n\n\n<p>Het jaar daarop, toen de uitroeiing van sociale leiders en oud-strijders begon, bezochten Isra\u00eblische militaire adviseurs Colombiaanse militaire bases om trainingen te geven in &#8220;veiligheid.&#8221;<\/p>\n\n\n\n<figure class=\"wp-block-image size-large\"><a href=\"https:\/\/twitter.com\/Ejercito_Div1\/status\/908103478131806209?ref_src=twsrc%5Etfw%7Ctwcamp%5Etweetembed%7Ctwterm%5E908103478131806209%7Ctwgr%5E%7Ctwcon%5Es1_&amp;ref_url=https%3A%2F%2Fwww.mintpressnews.com%2Finvestigation-israel-mossad-colombia-genocide-rafael-eitan%2F277499%2F\"><img decoding=\"async\" src=\"https:\/\/openbaararchief.nl\/caribic\/wp-content\/uploads\/sites\/4\/2021\/06\/tweet-mayor-gerardo-melo-barrera-20170914.jpg\" alt=\"\" class=\"wp-image-6724\"\/><\/a><\/figure>\n\n\n\n<h3 class=\"wp-block-heading\">Genocide redux<\/h3>\n\n\n\n<p>President Ivan Duque, de aangewezen opvolger van de extreemrechtse voormalige president \u00c1lvaro Uribe, heeft ijverig gewerkt om de banden van Colombia met Isra\u00ebl aan te halen. In maart 2020 <a href=\"https:\/\/www.youtube.com\/watch?v=SDoa-BDQ5yc\">verscheen <\/a>hij op de American Israel Political Action Conference, waar hij opschepte over zijn banden met Isra\u00ebl. Maanden later <a href=\"https:\/\/www.gov.il\/en\/departments\/news\/event_colombia100820\">kondigden<\/a> Duque en de Isra\u00eblische premier Benjamin Netanyahu de lancering van de vrijhandelsovereenkomst tussen Isra\u00ebl en Colombia aan.<\/p>\n\n\n\n<p>Ondertussen heeft Duque het vredesakkoord (met de Farc) van 2016 op alle mogelijke manieren ondermijnd en aangevallen, terwijl hij een oogje dichtknijpt voor de massamoord op gedemobiliseerde FARC-guerrillastrijders, vakbondsmensen, mensenrechtenactivisten, milieuactivisten en sociale leiders &#8211; een scenario dat griezelig veel doet denken aan de politieke genocide van de Patriottische Unie. In plaats van een veteraan-spion die de Colombiaanse regering adviseert, heeft Isra\u00ebl nu een offici\u00eble # aanwezigheid. In januari 2020 <a href=\"https:\/\/cgfm.mil.co\/es\/blog\/ejercito-de-israel-destaca-entrenamiento-militar-colombiano\">bezocht <\/a>de Isra\u00eblische militaire brigadegeneraal Dan Glodfus een Colombiaanse militaire basis om de banden tussen de twee landen aan te halen. Tijdens een golf van bloedbaden in september 2020 <a href=\"https:\/\/www.cgfm.mil.co\/en\/blog\/colombia-and-israel-strengthen-ties-training-and-military-cooperation\">stuurde <\/a>Isra\u00ebl 10 instructeurs om de Colombiaanse Speciale Strijdkrachten te trainen in &#8220;terrorismebestrijding&#8221;.<\/p>\n\n\n\n<figure class=\"wp-block-image size-large\"><a href=\"https:\/\/twitter.com\/dancohen3000\/status\/1398022651633876992?ref_src=twsrc%5Etfw%7Ctwcamp%5Etweetembed%7Ctwterm%5E1398022651633876992%7Ctwgr%5E%7Ctwcon%5Es1_&amp;ref_url=https%3A%2F%2Fwww.mintpressnews.com%2Finvestigation-israel-mossad-colombia-genocide-rafael-eitan%2F277499%2F\"><img decoding=\"async\" src=\"https:\/\/openbaararchief.nl\/caribic\/wp-content\/uploads\/sites\/4\/2021\/06\/tweet-dan-cohen-20210527.jpg\" alt=\"\" class=\"wp-image-6725\"\/><\/a><\/figure>\n\n\n\n<p>Met de recente <a href=\"https:\/\/www.rcnradio.com\/colombia\/caribe\/asesinan-en-santa-marta-uno-de-los-fundadores-de-la-union-patriotica\">moord<\/a> op Francisco Giacometto G\u00f3mez, een oudere activist en stichtend lid van de Patriottische Unie, lijkt het erop dat de campagne tegen de UP en de huidige slachtpartij niet van elkaar te onderscheiden zijn.<\/p>\n\n\n\n<p>Foto: Grafiek door Antonio Cabrera<\/p>\n\n\n\n<p><em><strong>Dan Cohen<\/strong> is de Washington DC correspondent voor Behind The Headlines. Hij produceerde wijdverspreide videoreportages en gedrukte reportages vanuit heel Isra\u00ebl-Palestina. Hij twittert op <a href=\"https:\/\/twitter.com\/dancohen3000\">@DanCohen3000.<\/a><\/em><\/p>\n\n\n\n<hr class=\"wp-block-separator\"\/>\n\n\n\n<ul class=\"wp-block-list\"><li><a href=\"https:\/\/openbaararchief.nl\/caribic\/2021\/05\/26\/de-moord-op-de-colombiaanse-revolutionair-jesus-santrich\/\">De moord op de Colombiaanse revolutionair Jes\u00fas Santrich<\/a> &#8211; Greg Butterfield struggle-la-lucha 26 mei 2021<\/li><li><a href=\"https:\/\/openbaararchief.nl\/caribic\/2021\/05\/12\/de-colombiaanse-onrust-is-een-stille-revolutie\/\">De Colombiaanse onrust is een stille revolutie tegen de ongerechtvaardigde en ongewenste Amerikaanse onderdrukking van Zuid-Amerika<\/a> &#8211; Tom Fowdy, RT 12 mei 2021<\/li><li><a href=\"https:\/\/openbaararchief.nl\/caribic\/2021\/05\/09\/meer-dan-400-mensen-verdwenen-in-colombia\/\">Meer dan 400 mensen verdwenen in Colombia tijdens algemene staking<\/a> &#8211; Markus Lenz amerika21 9 mei 2021  <\/li><li><a href=\"https:\/\/openbaararchief.nl\/caribic\/2021\/05\/02\/nieuwe-documenten-uk-traint-colombiaanse-politie\/\">The Britse Connectie met de Colombiaanse Politie<\/a> &#8211; Telesurenglish 1mei 2021<\/li><li><a href=\"https:\/\/openbaararchief.nl\/caribic\/2021\/04\/16\/colombia-een-ideale-bondgenoot\/\">Colombia: Een ideale Vazal-staat voor de VS op het westelijk halfrond<\/a> &#8211; Angelo Cardona covertactionmagazine 16 april 2021<\/li><li><a href=\"https:\/\/openbaararchief.nl\/caribic\/2021\/04\/05\/colombia-een-blik-in-een-trieste-werkelijkheid\/\">Colombia: Een blik in een trieste werkelijkheid<\/a> &#8211; Alice Loaiza Task Force on The Americas 5 april 2021<\/li><li><a href=\"https:\/\/openbaararchief.nl\/caribic\/2021\/02\/23\/vn-bevestigt-76-bloedbaden\/\">VN bevestigt 76 bloedbaden en 292 doden in Colombia 2020<\/a> &#8211; telesurenglish 23 februari 2021<\/li><li><a href=\"https:\/\/openbaararchief.nl\/caribic\/2020\/12\/30\/vingers-wijzen-naar-de-vs-gesteunde-regering\/\">Colombia\u2019s negentigste bloedbad van het jaar \u2013 vingers wijzen naar de door de VS gesteunde regering<\/a> &#8211; Alan Macleod Mintpressnews, 30 december 2020<\/li><li><a href=\"https:\/\/openbaararchief.nl\/caribic\/2020\/12\/26\/de-vs-zet-zijn-lange-geschiedenis-van-death-squads-voort\/\">De VS zet zijn lange geschiedenis van Death Squads voort<\/a> &#8211; Dan Kovalik, mltoday.com 26 december 2020<\/li><li><a href=\"https:\/\/openbaararchief.nl\/caribic\/2020\/12\/17\/in-colombia-692-gemeenschapsleiders-vermoord\/\">In Colombia 692 Gemeenschapsleiders vermoord tijdens de regering van Iv\u00e1n Duque<\/a> &#8211; misionverdad 16 december 2020<\/li><li><a href=\"https:\/\/openbaararchief.nl\/caribic\/2020\/11\/17\/colombia-een-van-de-bloedigste-weekenden\/\">Colombia: Een van de bloedigste weekenden van het jaar<\/a> &#8211; Tanya Wadhwa, Peoples dispatch 17 november 2020<\/li><li><a href=\"https:\/\/openbaararchief.nl\/caribic\/2020\/08\/18\/het-nieuwe-colombia-plan\/\">De VS bereidt de voorwaarden voor om zijn nieuwe \u2018Colombia-plan\u2019 door te drukken.<\/a> &#8211; Telesur-Engels 18 augustus 2020 ~<\/li><li><a href=\"https:\/\/openbaararchief.nl\/caribic\/2020\/06\/04\/u-s-militaire-aanwezigheid-om-de-drugshandel-in-colombia-te-bestrijden\/\">U.S. Militaire Aanwezigheid om de drugshandel in Colombia te bestrijden?<\/a> &#8211; TelesurTV 4 juni 2020<\/li><\/ul>\n","protected":false},"excerpt":{"rendered":"<p>Bron: Dan Cohen mintpressnews 2 juni 2021 ~~~ Bekend als de &#8220;Rode Dans&#8221;, blijft de systematische moord op de Patriotic Union een van de meest extreme gevallen van politiek geweld in Latijns-Amerika en nieuw bewijs suggereert dat het werd bedacht door een van de meest gedecoreerde spionnen in de Isra\u00eblische geschiedenis.<\/p>\n","protected":false},"author":1,"featured_media":4745,"comment_status":"closed","ping_status":"closed","sticky":false,"template":"","format":"standard","meta":{"footnotes":""},"categories":[52],"tags":[],"class_list":["post-4744","post","type-post","status-publish","format-standard","has-post-thumbnail","hentry","category-colombia"],"_links":{"self":[{"href":"https:\/\/www.handsoffvenezuela.nl\/index.php\/wp-json\/wp\/v2\/posts\/4744","targetHints":{"allow":["GET"]}}],"collection":[{"href":"https:\/\/www.handsoffvenezuela.nl\/index.php\/wp-json\/wp\/v2\/posts"}],"about":[{"href":"https:\/\/www.handsoffvenezuela.nl\/index.php\/wp-json\/wp\/v2\/types\/post"}],"author":[{"embeddable":true,"href":"https:\/\/www.handsoffvenezuela.nl\/index.php\/wp-json\/wp\/v2\/users\/1"}],"replies":[{"embeddable":true,"href":"https:\/\/www.handsoffvenezuela.nl\/index.php\/wp-json\/wp\/v2\/comments?post=4744"}],"version-history":[{"count":3,"href":"https:\/\/www.handsoffvenezuela.nl\/index.php\/wp-json\/wp\/v2\/posts\/4744\/revisions"}],"predecessor-version":[{"id":4751,"href":"https:\/\/www.handsoffvenezuela.nl\/index.php\/wp-json\/wp\/v2\/posts\/4744\/revisions\/4751"}],"wp:featuredmedia":[{"embeddable":true,"href":"https:\/\/www.handsoffvenezuela.nl\/index.php\/wp-json\/wp\/v2\/media\/4745"}],"wp:attachment":[{"href":"https:\/\/www.handsoffvenezuela.nl\/index.php\/wp-json\/wp\/v2\/media?parent=4744"}],"wp:term":[{"taxonomy":"category","embeddable":true,"href":"https:\/\/www.handsoffvenezuela.nl\/index.php\/wp-json\/wp\/v2\/categories?post=4744"},{"taxonomy":"post_tag","embeddable":true,"href":"https:\/\/www.handsoffvenezuela.nl\/index.php\/wp-json\/wp\/v2\/tags?post=4744"}],"curies":[{"name":"wp","href":"https:\/\/api.w.org\/{rel}","templated":true}]}}