
{"id":4310,"date":"2021-04-01T23:12:00","date_gmt":"2021-04-01T21:12:00","guid":{"rendered":"http:\/\/www.handsoffvenezuela.nl\/?p=4310"},"modified":"2021-04-09T14:12:47","modified_gmt":"2021-04-09T12:12:47","slug":"jeanine-anez-in-de-gevangenis-bewijs-van-staatsgreep-in-bolivia","status":"publish","type":"post","link":"https:\/\/www.handsoffvenezuela.nl\/index.php\/2021\/04\/jeanine-anez-in-de-gevangenis-bewijs-van-staatsgreep-in-bolivia\/","title":{"rendered":"Jeanine \u00c1\u00f1ez in de gevangenis: bewijs van staatsgreep in Bolivia"},"content":{"rendered":"\n<pre class=\"wp-block-preformatted\">Bron: Gerardo Szalkowicz  \n<a href=\"https:\/\/www.amerika21.de\/analyse\/249198\/bolivien-festnahmen-verfahren-putsch\">amerika21 1 april 2021<\/a> ~~~ <\/pre>\n\n\n\n<p><strong>De strafvervolging heeft zelfs de hoogste posities bereikt. Een juridisch correct en voorbeeldig vonnis is van groot belang voor de hele regio<\/strong><\/p>\n\n\n\n<!--more-->\n\n\n\n<p>De foto waarop Jeanine \u00c1\u00f1ez letterlijk achter de tralies staat, met duidelijk zichtbaar het opschrift &#8220;Vrouwengevangenis&#8221;, ging snel de wereld rond en had een enorme impact binnen en buiten Bolivia. De ex-presidente werd op 13 maart gearresteerd in haar huis in Trinidad, de hoofdstad van het departement Beni in het Amazonegebied, en zit voor een eerste periode van zes maanden in voorlopige hechtenis wegens haar verantwoordelijkheid voor de staatsgreep van november 2019.<\/p>\n\n\n\n<p>Twee van haar voormalige ministers (tegen drie andere zijn arrestatiebevelen uitgevaardigd, maar zij zijn het land uit) en zes voormalige leger- en politiecommandanten zijn eveneens aangehouden. Zij worden allen beschuldigd van samenzwering, opruiing en terrorisme in het kader van de grootscheepse &#8220;staatsgreep&#8221;-aanklacht die is ingediend door voormalig MAS-afgevaardigde Lidia Paty en die nu wordt uitgevoerd door het bureau van de procureur-generaal.<\/p>\n\n\n\n<p>Door de plotselinge juridische druk werden alle actoren die deel uitmaakten van of zich aansloten bij de staatsgreep in het defensief gedrongen. In Bolivia zelf zijn de bijeenkomsten van de stedelijke middenklasse, verenigd in de burgercomit\u00e9s van Santa Cruz, Cochabamba en La Paz, opnieuw begonnen. In het buitenland spraken de gebruikelijke protagonisten: de secretaris-generaal van de Organisatie van Amerikaanse Staten (OAS), Luis Almagro, uitte zijn &#8220;bezorgdheid over het misbruik van justiti\u00eble mechanismen&#8221; die &#8220;opnieuw instrumenten van repressie door de regerende partij zijn geworden&#8221;. Ook vanuit het noorden nam Jalina Porter, woordvoerster van het Amerikaanse ministerie van Buitenlandse Zaken, de handschoen op: &#8220;De Verenigde Staten volgen met bezorgdheid de gebeurtenissen rond de recente detentie van voormalige staatsambtenaren door de Boliviaanse regering.&#8221;<\/p>\n\n\n\n<p>Het beeld van &#8220;politieke vervolging&#8221;, dat door de grote media wordt versterkt (&#8220;Verhalen over wraak in Bolivia en over een staatsgreep die nooit heeft plaatsgevonden&#8221;, bijvoorbeeld, was de titel van de column van Marcelo Cantelmi in de Argentijnse krant Clar\u00edn), maakt het noodzakelijk het verloop van de gebeurtenissen in herinnering te brengen om nogmaals te wijzen op het duidelijk zichtbare: dat er wel degelijk een schending van de grondwettelijke orde heeft plaatsgevonden en dat \u00c1\u00f1ez daarvan niet alleen geprofiteerd heeft, maar ook een hoofdrolspeler in het complot was. Enig bewijs hiervan is:<\/p>\n\n\n\n<ul class=\"wp-block-list\"><li>De zelfbenoeming van \u00c1\u00f1ez vond plaats in een parlementaire zitting waar het aanwezigheidsquorum niet werd gehaald, slechts een handvol senatoren was aanwezig. Dit was in strijd met het reglement van orde van het Parlement, dat bepaalt dat &#8220;de aanwezigheid van de volstrekte meerderheid van de leden noodzakelijk is voor het geldig verloop van een zitting&#8221;.<\/li><li>Haar opvolging tot president ging voorbij aan wat in de Boliviaanse grondwet staat. \u00c1\u00f1ez, die de minderheid vertegenwoordigde (haar partij had slechts 91.855 stemmen gekregen), was de tweede vice-voorzitter van de Senaat. In geval van afwezigheid van de president en de vice-president, alsmede van de voorzitters van de twee kamers, bepaalt artikel 169 dat &#8220;binnen ten hoogste 90 dagen nieuwe verkiezingen worden uitgeschreven&#8221;. \u00c1\u00f1ez is nooit tot voorzitter van de Senaat gekozen; dit zou helemaal niet mogelijk zijn geweest, aangezien zij slechts kon rekenen op negen oppositiezetels, tegen 25 van de Beweging voor Socialisme (MAS).<\/li><li>Toen zij de ambtseed aflegde, werd \u00c1\u00f1ez omringd door militaire officieren en kreeg zij de presidenti\u00eble sjerp omgehangen door de opperbevelhebber van de strijdkrachten, Williams Kalim\u00e1n. Hij had 72 uur eerder opgeroepen tot het aftreden van Evo Morales. De pompeuze deelname van de veiligheidstroepen, die zich niets van hun taken aantrokken en zich openlijk in het politieke leven van het land mengden, deed denken aan de klassieke staatsgrepen van de 20e eeuw.<\/li><li>Het besluit om de macht met geweld te grijpen werd verdoezeld op vergaderingen die op 11 en 12 november 2019 aan de Katholieke Universiteit werden gehouden. Zij werden bijgewoond door de belangrijkste leiders van rechts, ambassadeurs van de Europese Unie en Brazili\u00eb, en vertegenwoordigers van de Kerk. MAS-parlementsleden werden daar geciteerd en &#8211; zoals voormalig afgevaardigde [en vice-voorzitter van de Kamer van Afgevaardigden] Susana Rivero onthulde &#8211; gewaarschuwd door Samuel Doria Medina [groot zakenman en oppositiepoliticus]: &#8220;Met u of zonder u, wij hebben een Plan B&#8221;. Rivero herinnerde eraan dat de ambtsaanvaarding van \u00c1\u00f1ez gepaard ging met druk en bedreigingen, en dat het eigenlijk haar beurt was om het presidentschap op te volgen. Dit werd echter niet gerespecteerd.<\/li><li>De politieke vervolging en criminalisering, de gedwongen ballingschap van Morales, \u00c1lvari Garc\u00eda Linera en tientallen vooraanstaande MAS-politici, de ontvoeringen en brandstichtingen in huizen en appartementen, de meer dan 500 willekeurige en buitengerechtelijke arrestaties en de 36 mensen die bij de moordpartijen in Senkata en Sacaba zijn vermoord, getuigen van de wrede repressie waarmee de staatsgreep kon worden geconsolideerd.<\/li><\/ul>\n\n\n\n<h3 class=\"wp-block-heading\">Het Koloniale Ministerie<\/h3>\n\n\n\n<p>De lont die de chaos deed ontbranden en de deur opende naar de couppoging was de beschuldiging van verkiezingsfraude door de OAS [1]. Deze beschuldiging was echter ongegrond en later bleek zij vals te zijn. Almagro&#8217;s huidige positie is daar volledig coherent aan. Daarom wil de Boliviaanse regering hem voor de rechter dagen, zoals het Ministerie van Buitenlandse Zaken liet weten: &#8220;De heer Almagro heeft noch de morele noch de ethische autoriteit om zich uit te spreken over Bolivia na de enorme schade die hij het Boliviaanse volk heeft berokkend met zijn kolonialistische inmenging. Zijn daden hebben mensenlevens gekost en hij moet zich verantwoorden voor zijn tendentieuze gedrag, dat elke objectiviteit ontbeert.&#8221;<\/p>\n\n\n\n<p>Almagro verliest steeds meer aan reputatie. De president van Argentini\u00eb, Alberto Fern\u00e1ndez, zei onlangs in een televisie-interview: &#8220;Evo Morales was het slachtoffer van een staatsgreep. De OAS was verantwoordelijk, en als hij ook maar een greintje waardigheid had, zou hij opstappen.&#8221; Almagro riep de Mexicaanse regering ook op &#8220;zich niet te mengen in de interne aangelegenheden van Bolivia en niet de confrontatie aan te gaan met een democratisch gekozen regering&#8221;.<\/p>\n\n\n\n<p>Bolivia zet de eerste stap in het streven naar waarheid en gerechtigheid voor de recente gebeurtenis van democratische afbraak in de regio. \u00c1\u00f1ez en haar troepen zullen ook worden geconfronteerd met verdere processen in verband met de gevallen van corruptie en repressie tijdens de 371 dagen van hun regering.<\/p>\n\n\n\n<p>Een juridisch correcte uitkomst met een voorbeeldig vonnis zal van cruciaal belang zijn om de slogan &#8220;Nooit meer staatsgrepen in Latijns-Amerika&#8221; te verwezenlijken.<\/p>\n\n\n\n<p>Topfoto: <em>Jeanine A\u00f1ez werd na haar arrestatie in Beni overgebracht naar La Paz Bron: abi<\/em><\/p>\n\n\n\n<p>[1]. Che Guevara had de OAS het &#8220;koloniale ministerie van de Verenigde Staten&#8221; genoemd.<\/p>\n\n\n\n<hr class=\"wp-block-separator\"\/>\n\n\n\n<ul class=\"wp-block-list\"><li><a href=\"https:\/\/openbaararchief.nl\/caribic\/2021\/03\/16\/de-omverwerping-van-evo-morales-en-de-eerste-lithiumoorlog\/\">De omverwerping van Evo Morales en de eerste lithiumoorlog<\/a> &#8211; Thierry Meyssan Voltaire Network, Parijs 16 maart 2021<\/li><li><a href=\"https:\/\/openbaararchief.nl\/caribic\/2020\/11\/16\/oass-almagro-erkent-zijn-rol-in-bolivias-2019-coup\/\">OAS\u2019s Almagro erkent zijn rol in Bolivia\u2019s 2019 Coup<\/a> \u2013 ultimasnoticias 16 november 2020<\/li><li><a href=\"https:\/\/openbaararchief.nl\/caribic\/2020\/11\/13\/een-helden-welkomst\/\">Een Helden Welkomst \u2013 Verslag van de Triumfantelijke Terugkeer Tour van Evo Morales<\/a> \u2013 Oliver Vargas, Mintpressnews, 13 november 2020<\/li><li><a href=\"https:\/\/openbaararchief.nl\/caribic\/2020\/11\/09\/de-facto-regering-verlaat-bolivia-diep-in-de-schuld\/\">De Facto regering verlaat Bolivia diep in de schuld<\/a> \u2013 Telesur-english, 9 november 2020<\/li><li><a href=\"https:\/\/openbaararchief.nl\/caribic\/2020\/11\/08\/honderden-bolivianen-vieren-de-terugkeer-van-de-democratie\/\">Honderden Bolivianen vieren de terugkeer van de democratie<\/a> \u2013 telesur-TV 8 november 2020<\/li><li><a href=\"https:\/\/openbaararchief.nl\/caribic\/2020\/10\/28\/het-lithium-en-de-staatsgreep\/\">Het Lithium en de Staatsgreep<\/a> \u2013 German-foreign-policy.com 28 oktober 2020<\/li><li><a href=\"https:\/\/openbaararchief.nl\/caribic\/2020\/10\/23\/bolivia-100-van-de-stemmen-geteld\/\">Bolivia \u2013 100% van de stemmen geteld, MAS versterkt zijn overwinning<\/a> \u2013 Telesur-engels, 23 oktober 2020<\/li><li><a href=\"https:\/\/openbaararchief.nl\/caribic\/2020\/10\/22\/israel-had-een-hand-in-de-boliviaanse-coup\/\">Isra\u00ebl had een Hand in de Boliviaanse Coup, onthult Argentijnse onderzoeks-journalist<\/a> \u2013 LaIguuanaTV, 21 oktober 2020<\/li><li><a href=\"https:\/\/openbaararchief.nl\/caribic\/2020\/10\/19\/bolivia-het-volk-heeft-gewonnen\/\">Bolivia \u2013 Het volk heeft gewonnen, tegen alle verwachtingen in heeft het volk uiteindelijk gewonnen<\/a> \u2013 Chris Faure, The Saker 19 oktober 2020<\/li><li><a href=\"https:\/\/openbaararchief.nl\/caribic\/2020\/10\/19\/de-staatsgreep-heeft-geen-stand-gehouden\/\">De staatsgreep heeft geen stand gehouden<\/a> \u2013 Bradley Blankenship, RT Op-ed, 19 oktober 2020<\/li><li><a href=\"https:\/\/openbaararchief.nl\/caribic\/2020\/10\/11\/bolivias-de-facto-regering-vereert-de-militairen-die-che-guevara-hebben-vermoord\/\">Bolivia\u2019s de Facto regering vereert de militairen die Che Guevara hebben vermoord<\/a> \u2013 Pagina|12, 9 oktober 2020<\/li><li><a href=\"https:\/\/openbaararchief.nl\/caribic\/2020\/10\/10\/hebben-we-de-les-van-bolivia-geleerd\/\">Hebben we de les van Bolivia geleerd?<\/a> \u2013 :TelesurTV, 25 september 2020<\/li><li><a href=\"https:\/\/openbaararchief.nl\/caribic\/2020\/09\/27\/interview-met-bolivias-vice-president-kandidaat-david-choquehuanca\/\">Interview met Bolivia\u2019s Vice President Kandidaat David Choquehuanca<\/a> \u2013 Jacobin Magazin 26 september 2020<\/li><li><a href=\"https:\/\/openbaararchief.nl\/caribic\/2020\/09\/08\/venezuela-veroordeelt-de-politieke-vervolging-van-morales-en-correa\/\">Venezuela veroordeelt de politieke vervolging van Morales en Correa<\/a> \u2013 Barry Cartaya, Red Radio VE, 8 september 2020<\/li><li><a href=\"https:\/\/openbaararchief.nl\/caribic\/2020\/09\/07\/rechtbank-weigert-evo-morales-kandidaatstelling-voor-18-oktober-verkiezingen\/\">Rechtbank weigert Evo Morales Kandidaatstelling voor 18 oktober Verkiezingen<\/a> \u2013 telesurenglish 7 september 2020<\/li><li><a href=\"https:\/\/openbaararchief.nl\/caribic\/2020\/09\/04\/bolivias-wegversperringen\/\">Bolivias wegversperringen<\/a> \u2013 Forrest Hylton London review of books, 2 september 2020<\/li><li><a href=\"https:\/\/openbaararchief.nl\/caribic\/2020\/08\/11\/corona-lithium-en-uitgestelde-verkiezingen-bis\/\">Corona, lithium en uitgestelde verkiezingen (bis)<\/a> \u2013 Walter Lotens Uitpers.be 11 augustus 2020<\/li><li><a href=\"https:\/\/openbaararchief.nl\/caribic\/2020\/08\/11\/elon-musk-en-bolivie-we-zullen-coups-plegen-tegen-wie-we-willen-wen-er-maar-aan\/\">Elon Musk en Bolivi\u00eb: \u201cWe zullen coups plegen tegen wie we willen! Wen er maar aan\u201d<\/a> \u2013 Vijay Prashad \u2013 Alejandro Bejarano Counterpunch 11 augustus 2020<\/li><li><a href=\"https:\/\/openbaararchief.nl\/caribic\/2020\/07\/27\/united-tesla-company-wijdverspreide-veroordeling-van-elon-musks-bolivia-coup\/\">United Tesla Company: Wijdverspreide veroordeling van Elon Musk\u2019s Bolivia Coup<\/a> \u2013 Alan Macleod, MintpressNews 27 juli 2020<\/li><li><a href=\"https:\/\/openbaararchief.nl\/caribic\/2020\/07\/24\/us-backed-coup-govt-in-bolivia-schort-voor-de-derde-keer-de-verkiezingen-op\/\">US-Backed Coup Gov\u2019t in Bolivia schort voor de derde keer de verkiezingen op<\/a> \u2013 Alan Macleod, MintpressNews 24 juli 2020<\/li><li><a href=\"https:\/\/openbaararchief.nl\/caribic\/2020\/07\/18\/bolivias-coup-regime-racistisch-corrupt-gewelddadig-verdeeld-en-onbekwaam\/\">Bolivia\u2019s Coup Regime: Racistisch, corrupt, gewelddadig, verdeeld en onbekwaam<\/a> \u2013 Forrest Hylton, London Review of Book 3 juli 2020<\/li><li><a href=\"https:\/\/openbaararchief.nl\/caribic\/2020\/06\/30\/wetgeving-in-bolivia-anez-wil-de-favoriete-kandidaat-voor-de-komende-verkiezingen-in-de-gevangenis-zetten\/\">Wetgeving in Bolivia: A\u00f1ez wil de favoriete kandidaat voor de komende verkiezingen in de gevangenis zetten<\/a> \u2013 Ernesto Reyes, plurinacional<\/li><li><a href=\"https:\/\/openbaararchief.nl\/caribic\/2020\/06\/17\/bolivias-staatsgreep-regiem-wil-verkiezingen-verder-uitstellen\/\">Bolivia\u2019s staatsgreep-Regiem wil verkiezingen verder uitstellen<\/a> \u2013 Telesur 17 juni 2020<\/li><li><a href=\"https:\/\/openbaararchief.nl\/caribic\/2020\/06\/16\/racistische-militaire-lithium-staatsgreep-bolivia\/\">RACISTISCHE MILITAIRE (LITHIUM) STAATSGREEP BOLIVIA<\/a> \u2013 Whipala Movement Nederland 16 juni 2020<\/li><li><a href=\"https:\/\/openbaararchief.nl\/caribic\/2020\/06\/10\/oas-moet-haar-beschuldigingen-over-verkiezingsfraude-in-bolivia-intrekken\/\">OAS moet haar beschuldigingen over verkiezingsfraude in Bolivia intrekken<\/a> \u2013 Telesur 10 juni 2020<\/li><li><a href=\"https:\/\/openbaararchief.nl\/caribic\/2020\/06\/09\/oas-rapport-over-fraude-in-bolivias-verkiezingen-is-gebrekkig-studie\/\">OAS-rapport over fraude in Bolivia\u2019s verkiezingen is gebrekkig: Studie<\/a> \u2013 telesurenglish 9 June 2020<\/li><li><a href=\"https:\/\/openbaararchief.nl\/caribic\/2020\/03\/15\/volgens-studies-heeft-morales-eerlijk-de-verkiezingen-gewonnen\/\">Volgens studies heeft Evo Morales de verkiezingen eerlijk gewonnen<\/a> \u2013 Ekaterina Blinova. Sputniknews, 15 maart 2020<\/li><li><a href=\"https:\/\/openbaararchief.nl\/caribic\/2020\/03\/10\/cepr-persverklaring-tav-bolivia-nieuw-onderzoeksrapport\/\">CEPR Persverklaring tav Bolivia \u2013 nieuw onderzoeksrapport<\/a> \u2013 CEPR 10 maart 2020<\/li><li><a href=\"https:\/\/openbaararchief.nl\/caribic\/2020\/03\/10\/de-oas-laat-alle-hoop-in-democratie-verdwijnen\/\">De OAS laat alle hoop in democratie verdwijnen<\/a> \u2013 Laura Carlsen, counterpunch 3 maart 2020<\/li><li><a href=\"https:\/\/openbaararchief.nl\/caribic\/2020\/03\/02\/mit-onderzoek-rapport-oas-over-verkiezingen-bolivia-was-fout-en-bewust-misleidend\/\">MIT-onderzoek: \u201cRapport OAS over verkiezingen Bolivia was fout en bewust misleidend\u201d<\/a> \u2013 Lode Vanoost, dewereldmorgen.be 2 maart 2020<\/li><li><a href=\"https:\/\/openbaararchief.nl\/caribic\/2020\/03\/01\/whipala-in-nederland-2\/\">Whipala in Nederland<\/a> \u2013 14 maart 2020 14:00 \u2013 18:00 Dam, Amsterdam<\/li><li><a href=\"https:\/\/openbaararchief.nl\/caribic\/2020\/02\/28\/maanden-na-het-ondersteunen-van-een-dodelijke-coup-geeft-washington-post-toe-dat-de-verkiezingen-in-bolivia-eerlijk-waren\/\">Maanden na het ondersteunen van een dodelijke coup, geeft Washington Post toe dat de verkiezingen in Bolivia eerlijk waren<\/a> \u2013 Alan Macleod, op Mintpressnews, 28 februari 2020<\/li><li><a href=\"https:\/\/openbaararchief.nl\/caribic\/2020\/02\/27\/een-onderzoek-van-washington-post-sluit-verkiezingsfraude-in-bolivia-uit\/\">Onderzoekverslag in Washington Post sluit verkiezingsfraude in Bolivia uit<\/a> \u2013 TelesurTV, 27 februari 2020<\/li><li><a href=\"https:\/\/openbaararchief.nl\/caribic\/2020\/02\/27\/mit-studie-oas-misleide-het-publiek\/\">MIT-studie: \u2018OAS misleide het publiek\u2019<\/a> \u2013 RT.COM 27 februari 2020<\/li><li><a href=\"https:\/\/openbaararchief.nl\/caribic\/2020\/02\/20\/het-verkiezingsorgaan-van-bolivia-diskwalificeert-de-kandidaatschap-van-evo-morales\/\">Het verkiezingsorgaan van Bolivia diskwalificeert de kandidaatschap van Evo Morales<\/a> \u2013 TelesurTV, 21 februari 2020<\/li><li><a href=\"https:\/\/openbaararchief.nl\/caribic\/2020\/02\/03\/bolivia-wettelijke-vertegenwoordiger-van-evo-morales-gearresteerd\/\">Bolivia: wettelijke vertegenwoordiger van Evo Morales gearresteerd<\/a> \u2013 telesurenglish 3 February 2020<\/li><li><a href=\"https:\/\/openbaararchief.nl\/caribic\/2020\/01\/31\/bolivia-de-strijd-om-democratie-is-nog-niet-voorbij\/\">Bolivia: De strijd om democratie is nog niet voorbij<\/a> \u2013 U.S Peace Council , 31 januari 2020<\/li><li><a href=\"https:\/\/openbaararchief.nl\/caribic\/2020\/01\/23\/verzet-tegen-regime-bolivia-organiseert-zich-zware-repressie-dreigt-vanaf-23-januari\/\">Verzet tegen regime Bolivia organiseert zich, zware repressie dreigt vanaf 23 januari<\/a> \u2013 Lode vanoost, op dewereldmorgen.be 23 januari 2020<\/li><li><a href=\"https:\/\/openbaararchief.nl\/caribic\/2020\/01\/10\/de-nieuwe-rechtse-regering-in-bolivia-voert-het-optreden-tegen-journalisten-en-artsen-op\/\">De nieuwe rechtse regering in Bolivia voert het optreden tegen journalisten en artsen op<\/a> \u2013 Alan Macleod op MintpresNews, 10 januari 2020<\/li><li><a href=\"https:\/\/openbaararchief.nl\/caribic\/2020\/01\/07\/manifestatie-op-de-dam-in-solidariteit-met-het-boliviaanse-volk\/\">Manifestatie op de Dam, in Solidariteit met het Boliviaanse volk<\/a> \u2013 7 januari 2020<\/li><li><a href=\"https:\/\/openbaararchief.nl\/caribic\/2019\/12\/23\/bolivia-sluit-zich-aan-bij-lima-groep-tegen-venezuela\/\">Bolivia sluit zich aan bij Lima-groep tegen Venezuela<\/a> \u2013 TelesurTV 23 december 2019<\/li><li><a href=\"https:\/\/openbaararchief.nl\/caribic\/2019\/12\/20\/coup-plotters-proberen-inclusief-onderwijs-in-bolivia-te-elimineren\/\">Coup-plotters proberen inclusief onderwijs in Bolivia te elimineren<\/a> \u2013 Telesur 20 december 2019<\/li><li><a href=\"https:\/\/openbaararchief.nl\/caribic\/2019\/12\/19\/bolivia-hoe-het-ook-voor-israel-een-staatsgreep-was\/\">Bolivia: Hoe het ook voor Isra\u00ebl een staatsgreep was<\/a> \u2013 Belen Fernandez, op MiddeleEastEye 19 december 2019,<\/li><li><a href=\"https:\/\/openbaararchief.nl\/caribic\/2019\/12\/12\/nrc-over-bolivia-5-beweringen-alle-vijf-fout\/\">NRC over Bolivia: 5 beweringen, alle vijf fout<\/a> \u2013 Handsoffvenezuela-Nederland, 12 december 2019<\/li><li><a href=\"https:\/\/openbaararchief.nl\/caribic\/2019\/12\/10\/de-coup-regering-van-bolivia-roept-israel-te-hulp-in-de-strijd-tegen-links\/\">De Coup-regering van Bolivia roept Israel te hulp in de strijd tegen links<\/a> \u2013 Newsdesk, op Almasdar News 10 December 2019<\/li><li><a href=\"https:\/\/openbaararchief.nl\/caribic\/2019\/12\/05\/bolivia-racistische-staatsgreep-tegen-inheemse-bevolking\/\">Bolivia: Racistische Staatsgreep Tegen Inheemse Bevolking!<\/a> \u2013 Thom Holterman, Libertaire Orde op globalinfo.nl 05 december 2019<\/li><li><a href=\"https:\/\/openbaararchief.nl\/caribic\/2019\/11\/28\/minister-blok-geeft-openlijk-steun-aan-de-staatsgreep-in-bolivia\/\">Minister Blok geeft openlijk steun aan de staatsgreep in Bolivia<\/a> \u2013 14 november 2019<\/li><li><a href=\"https:\/\/openbaararchief.nl\/caribic\/2019\/11\/26\/bolivia-laboratorium-voor-een-nieuwe-destabilisatie-strategie\/\">Bolivia, laboratorium voor een nieuwe destabilisatie strategie<\/a> \u2013 Thierry Meyssan op Voltairenet 26 november 2019<\/li><\/ul>\n","protected":false},"excerpt":{"rendered":"<p>Bron: Gerardo Szalkowicz amerika21 1 april 2021 ~~~ De strafvervolging heeft zelfs de hoogste posities bereikt. Een juridisch correct en voorbeeldig vonnis is van groot belang voor de hele regio<\/p>\n","protected":false},"author":1,"featured_media":4311,"comment_status":"closed","ping_status":"closed","sticky":false,"template":"","format":"standard","meta":{"footnotes":""},"categories":[6],"tags":[21],"class_list":["post-4310","post","type-post","status-publish","format-standard","has-post-thumbnail","hentry","category-bolivia","tag-coup"],"_links":{"self":[{"href":"https:\/\/www.handsoffvenezuela.nl\/index.php\/wp-json\/wp\/v2\/posts\/4310","targetHints":{"allow":["GET"]}}],"collection":[{"href":"https:\/\/www.handsoffvenezuela.nl\/index.php\/wp-json\/wp\/v2\/posts"}],"about":[{"href":"https:\/\/www.handsoffvenezuela.nl\/index.php\/wp-json\/wp\/v2\/types\/post"}],"author":[{"embeddable":true,"href":"https:\/\/www.handsoffvenezuela.nl\/index.php\/wp-json\/wp\/v2\/users\/1"}],"replies":[{"embeddable":true,"href":"https:\/\/www.handsoffvenezuela.nl\/index.php\/wp-json\/wp\/v2\/comments?post=4310"}],"version-history":[{"count":1,"href":"https:\/\/www.handsoffvenezuela.nl\/index.php\/wp-json\/wp\/v2\/posts\/4310\/revisions"}],"predecessor-version":[{"id":4312,"href":"https:\/\/www.handsoffvenezuela.nl\/index.php\/wp-json\/wp\/v2\/posts\/4310\/revisions\/4312"}],"wp:featuredmedia":[{"embeddable":true,"href":"https:\/\/www.handsoffvenezuela.nl\/index.php\/wp-json\/wp\/v2\/media\/4311"}],"wp:attachment":[{"href":"https:\/\/www.handsoffvenezuela.nl\/index.php\/wp-json\/wp\/v2\/media?parent=4310"}],"wp:term":[{"taxonomy":"category","embeddable":true,"href":"https:\/\/www.handsoffvenezuela.nl\/index.php\/wp-json\/wp\/v2\/categories?post=4310"},{"taxonomy":"post_tag","embeddable":true,"href":"https:\/\/www.handsoffvenezuela.nl\/index.php\/wp-json\/wp\/v2\/tags?post=4310"}],"curies":[{"name":"wp","href":"https:\/\/api.w.org\/{rel}","templated":true}]}}