
{"id":3875,"date":"2020-12-14T23:16:58","date_gmt":"2020-12-14T21:16:58","guid":{"rendered":"http:\/\/www.handsoffvenezuela.nl\/?p=3875"},"modified":"2021-01-15T21:19:22","modified_gmt":"2021-01-15T19:19:22","slug":"alba-tcp-houdt-18e-topconferentie","status":"publish","type":"post","link":"https:\/\/www.handsoffvenezuela.nl\/index.php\/2020\/12\/alba-tcp-houdt-18e-topconferentie\/","title":{"rendered":"ALBA-TCP houdt 18e topconferentie."},"content":{"rendered":"\n<pre class=\"wp-block-preformatted\">Bron: <a href=\"https:\/\/www.telesurenglish.net\/news\/ALBA-TCP-celebrates-XVIII-Summit-virtually-20201214-0014.html\">Telesur-english 14 december 2020<\/a> ~~~ <\/pre>\n\n\n\n<p>De 18e ALBA-TCP-top wordt op maandag gehouden, onder leiding van de Cubaanse president Miguel Diaz-Canel en met de terugkeer van de plurinationale staat Bolivia naar het regionale samenwerkingblok. | Foto: @VCinSG<\/p>\n\n\n\n<p>De Cubaanse president Miguel D\u00edaz-Canel Berm\u00fadez, co\u00f6rdinator van de top, heeft het interregionale evenement geopend.<\/p>\n\n\n\n<p>De XVIIIe Top van de <em>Bolivariaanse Alliantie voor de Volkeren van Ons Amerika &#8211; Volkshandelsverdrag<\/em> (ALBA-TCP) wordt deze maandag op een virtuele manier tijdens de wereldwijde COVID-19-pandemie gehouden.<\/p>\n\n\n\n<p>De Cubaanse president Miguel D\u00edaz-Canel Berm\u00fadez, co\u00f6rdinator van het evenement, en de Venezolaanse president Nicol\u00e1s Maduro hebben het evenement geopend met behulp van de Twitter-accounts van de presidents van de respectieve landen en het ALBA-TCP-account.<\/p>\n\n\n\n<p>Een opmerkelijk hoogtepunt van de top is de terugkeer van de <em>Plurinationale Staat Bolivia<\/em> naar de interregionale samenwerkingsorganisatie na het democratische herstel in oktober van dit jaar. Gezien deze realiteit was de Boliviaanse president Luis Arce het derde staatshoofd dat het woord nam en de top toesprak.<\/p>\n\n\n\n<figure class=\"wp-block-image size-large\"><a href=\"https:\/\/twitter.com\/PrensaCamila\/status\/1338610670066147328?ref_src=twsrc%5Etfw%7Ctwcamp%5Etweetembed%7Ctwterm%5E1338610670066147328%7Ctwgr%5E%7Ctwcon%5Es1_&amp;ref_url=https%3A%2F%2Fwww.telesurenglish.net%2Fnews%2FALBA-TCP-celebrates-XVIII-Summit-virtually-20201214-0014.html\"><img decoding=\"async\" src=\"https:\/\/openbaararchief.nl\/caribic\/wp-content\/uploads\/sites\/4\/2021\/01\/tweet-camilla-20201214-.jpg\" alt=\"\" class=\"wp-image-5348\"\/><\/a><\/figure>\n\n\n\n<p>&#8220;Zestien jaar geleden werd ALBA opgericht om het neoliberalisme het hoofd te bieden (\u2026). We moeten de groei van onze volkeren aanmoedigen door middel van ALBA en onze solidariteitsbanden&#8221;, verklaarde Arce in zijn voordracht.<\/p>\n\n\n\n<p>De bijeenkomst vindt plaats in het kader van de viering van de zestiende verjaardag van de oprichting van ALBA-TCP op initiatief van de revolutionaire leiders in de Latijns-Amerikaanse en Caribische regio Hugo Ch\u00e1vez en Fidel Castro, op 14 december 2004.<\/p>\n\n\n\n<figure class=\"wp-block-embed-twitter wp-block-embed is-type-rich is-provider-twitter\"><div class=\"wp-block-embed__wrapper\">\n<div class=\"newsmag-video-container\"><blockquote class=\"twitter-tweet\" data-width=\"550\" data-dnt=\"true\"><p lang=\"ca\" dir=\"ltr\"><a href=\"https:\/\/twitter.com\/hashtag\/EnVivo?src=hash&amp;ref_src=twsrc%5Etfw\">#EnVivo<\/a> \ud83d\udcf9 | XVIII Cumbre del ALBA-TCP, en el marco de la celebraci\u00f3n de nuestro XVI Aniversario. <a href=\"https:\/\/twitter.com\/hashtag\/16A%C3%B1osDelALBA?src=hash&amp;ref_src=twsrc%5Etfw\">#16A\u00f1osDelALBA<\/a> <a href=\"https:\/\/t.co\/7QKIcQV8GI\">https:\/\/t.co\/7QKIcQV8GI<\/a><\/p>&mdash; Nicol\u00e1s Maduro (@NicolasMaduro) <a href=\"https:\/\/twitter.com\/NicolasMaduro\/status\/1338575201865523201?ref_src=twsrc%5Etfw\">December 14, 2020<\/a><\/blockquote><script async src=\"https:\/\/platform.twitter.com\/widgets.js\" charset=\"utf-8\"><\/script><\/div>\n<\/div><\/figure>\n\n\n\n<hr class=\"wp-block-separator\"\/>\n\n\n\n<ul class=\"wp-block-list\"><li><a href=\"https:\/\/openbaararchief.nl\/caribic\/2020\/11\/22\/diplomatie-van-de-volkeren\/\">\u201cDiplomatie van de volkeren\u201d: Evo Morales over de terugkeer van Bolivia naar ALBA, CELAC en UNASUR<\/a> &#8211; La IguanaTV 22 november 2020<\/li><li><a href=\"https:\/\/openbaararchief.nl\/caribic\/2020\/02\/23\/alba-verwerpt-diskwalificatie-van-evo-morales-als-kandidaat-senator\/\">ALBA verwerpt diskwalificatie van Evo Morales als kandidaat-senator<\/a> &#8211; TelesurTV 23 februri 2020<\/li><li><a href=\"https:\/\/openbaararchief.nl\/caribic\/2019\/12\/14\/alba-tcp-wil-de-inrichting-van-een-peace-zone-in-latijns-america-versnellen\/\">Alba-TCP wil de inrichting van een \u2018Peace Zone\u2019 in Latijns America versnellen<\/a> &#8211; Telesur 14 december 2019<\/li><\/ul>\n","protected":false},"excerpt":{"rendered":"<p>Bron: Telesur-english 14 december 2020 ~~~ De 18e ALBA-TCP-top wordt op maandag gehouden, onder leiding van de Cubaanse president Miguel Diaz-Canel en met de terugkeer van de plurinationale staat Bolivia naar het regionale samenwerkingblok. | Foto: @VCinSG De Cubaanse president Miguel D\u00edaz-Canel Berm\u00fadez, co\u00f6rdinator van de top, heeft het interregionale evenement geopend. De XVIIIe Top [&hellip;]<\/p>\n","protected":false},"author":1,"featured_media":3877,"comment_status":"open","ping_status":"closed","sticky":false,"template":"","format":"standard","meta":{"footnotes":""},"categories":[6,9,7,2],"tags":[56],"class_list":["post-3875","post","type-post","status-publish","format-standard","has-post-thumbnail","hentry","category-bolivia","category-cuba","category-nicaragua","category-venezuela","tag-alba"],"_links":{"self":[{"href":"https:\/\/www.handsoffvenezuela.nl\/index.php\/wp-json\/wp\/v2\/posts\/3875","targetHints":{"allow":["GET"]}}],"collection":[{"href":"https:\/\/www.handsoffvenezuela.nl\/index.php\/wp-json\/wp\/v2\/posts"}],"about":[{"href":"https:\/\/www.handsoffvenezuela.nl\/index.php\/wp-json\/wp\/v2\/types\/post"}],"author":[{"embeddable":true,"href":"https:\/\/www.handsoffvenezuela.nl\/index.php\/wp-json\/wp\/v2\/users\/1"}],"replies":[{"embeddable":true,"href":"https:\/\/www.handsoffvenezuela.nl\/index.php\/wp-json\/wp\/v2\/comments?post=3875"}],"version-history":[{"count":1,"href":"https:\/\/www.handsoffvenezuela.nl\/index.php\/wp-json\/wp\/v2\/posts\/3875\/revisions"}],"predecessor-version":[{"id":3876,"href":"https:\/\/www.handsoffvenezuela.nl\/index.php\/wp-json\/wp\/v2\/posts\/3875\/revisions\/3876"}],"wp:featuredmedia":[{"embeddable":true,"href":"https:\/\/www.handsoffvenezuela.nl\/index.php\/wp-json\/wp\/v2\/media\/3877"}],"wp:attachment":[{"href":"https:\/\/www.handsoffvenezuela.nl\/index.php\/wp-json\/wp\/v2\/media?parent=3875"}],"wp:term":[{"taxonomy":"category","embeddable":true,"href":"https:\/\/www.handsoffvenezuela.nl\/index.php\/wp-json\/wp\/v2\/categories?post=3875"},{"taxonomy":"post_tag","embeddable":true,"href":"https:\/\/www.handsoffvenezuela.nl\/index.php\/wp-json\/wp\/v2\/tags?post=3875"}],"curies":[{"name":"wp","href":"https:\/\/api.w.org\/{rel}","templated":true}]}}