
{"id":13795,"date":"2026-08-03T23:55:57","date_gmt":"2026-08-03T21:55:57","guid":{"rendered":"https:\/\/openbaararchief.nl\/caribic\/?p=13710"},"modified":"2026-08-03T23:55:57","modified_gmt":"2026-08-03T21:55:57","slug":"petro-israel-heeft-met-de-verkiezingen-in-colombia-geknoeid","status":"publish","type":"post","link":"https:\/\/www.handsoffvenezuela.nl\/index.php\/2026\/08\/petro-israel-heeft-met-de-verkiezingen-in-colombia-geknoeid\/","title":{"rendered":"Petro: \u2018Isra\u00ebl\u2019 heeft met de verkiezingen in Colombia geknoeid, de uitslag is onwettig"},"content":{"rendered":"\n<pre class=\"wp-block-preformatted\">Bron: <a href=\"https:\/\/english.almayadeen.net\/news\/politics\/petro---israel--manipulated-colombia-elections--results-ille\">Al Mayadeen English, 3 augustus 2026 <\/a>~~~ <\/pre>\n\n\n\n<p class=\"wp-block-paragraph\"><strong>De Colombiaanse president Gustavo Petro heeft Isra\u00eblische instanties ervan beschuldigd met de presidentsverkiezingen via software te hebben geknoeid en verklaarde dat de verkozen president geen democratische legitimiteit bezit.<\/strong><\/p>\n\n\n\n<!--more-->\n\n\n\n<p class=\"wp-block-paragraph\">De Colombiaanse president Gustavo Petro heeft Isra\u00eblische instanties <a href=\"https:\/\/english.almayadeen.net\/news\/technology\/petro-accuses-israeli-blackcore-of--massive--election-riggin\">ervan beschuldigd de recente presidentsverkiezingen in het land te hebben gemanipuleerd<\/a> met behulp van software die de stemtellingen heeft gewijzigd, en zei dat de verkozen president geen democratische legitimiteit bezit.<\/p>\n\n\n\n<p class=\"wp-block-paragraph\">In een verklaring stelde Petro dat door Isra\u00ebl ontwikkelde software, gefinancierd met opbrengsten uit de coca\u00efnehandel naar de Verenigde Staten en particuliere Isra\u00eblische inlichtingenfondsen, werd gebruikt om legitieme stemmen van Colombiaanse burgers te vervangen, waardoor de uitslag van de verkiezingen ten gunste van de rechtse kandidaat Abelardo De La Espriella werd gewijzigd.<\/p>\n\n\n\n<p class=\"wp-block-paragraph\">Volgens Petro was de software vooraf ge\u00efnstalleerd bij particuliere bedrijven die verantwoordelijk waren voor de verwerking van de verkiezingsuitslagen en zou deze mogelijk maar liefst 1,8 miljoen stemmen hebben gewijzigd.<\/p>\n\n\n\n<p class=\"wp-block-paragraph\">Hij beweerde dat de linkse kandidaat Iv\u00e1n Cepeda de verkiezingen had gewonnen op basis van de stemmen die in de stembureaus waren uitgebracht, maar dat uiteindelijk een andere uitslag werd bekendgemaakt. Petro beschreef het gebruik van de Isra\u00eblische software als een schending van de nationale soevereiniteit van Colombia.<\/p>\n\n\n\n<h3 class=\"wp-block-heading\">\u2018Isra\u00eblische genocide-misdadigers\u2019 stelen de verkiezingen in Colombia<\/h3>\n\n\n\n<p class=\"wp-block-paragraph\">De Colombiaanse president omschreef de vermeende manipulatie als \u201everkiezingsfraude\u201d, gepleegd met behulp van computerprogramma\u2019s die van tevoren waren ontworpen om de wil van de kiezers te ondermijnen.<\/p>\n\n\n\n<p class=\"wp-block-paragraph\">Hij noemde de inmenging \u201eeen van de grootste beledigingen aan het adres van de democratie in het mondiale systeem\u201d en beschuldigde \u201eIsra\u00eblische genocide-misdadigers\u201d ervan de Colombiaanse verkiezingen te hebben gestolen.<\/p>\n\n\n\n<p class=\"wp-block-paragraph\">Petro stelde dat de aankomende president van het land niet de legitimiteit bezit die voortvloeit uit de volksstemming, en voegde eraan toe dat de inmenging neerkwam op een terugkeer naar \u201ehet tijdperk van de koloniale overheersing\u201c.<\/p>\n\n\n\n<p class=\"wp-block-paragraph\">Petro bevestigde opnieuw dat <a href=\"https:\/\/english.almayadeen.net\/news\/politics\/petro-vows-peaceful-transfer-of-power-after-colombia-electio\">de soevereiniteit van Colombia geworteld moet blijven in de wil van het volk<\/a>, waarbij hij verwees naar de nalatenschap van onafhankelijkheidsleider Sim\u00f3n Bol\u00edvar.<\/p>\n\n\n\n<p class=\"wp-block-paragraph\">Hij riep de Colombianen op om de vrijheid en nationale onafhankelijkheid van hun land te verdedigen, en zei dat het Colombiaanse volk \u201egeen dienaren of slaven zijn, maar een volk met een lange geschiedenis van strijd voor vrijheid en leven\u201c.<\/p>\n\n\n\n<h3 class=\"wp-block-heading\">Opvolger president wil betrekkingen met \u2018Isra\u00ebl\u2019 herstellen<\/h3>\n\n\n\n<p class=\"wp-block-paragraph\">Abelardo De La Espriella won vorige maand nipt de tweede ronde van de Colombiaanse presidentsverkiezingen met minder dan \u00e9\u00e9n procentpunt verschil en zal naar verwachting later deze maand aantreden.<\/p>\n\n\n\n<p class=\"wp-block-paragraph\">De verkozen president heeft beloofd de militaire operaties tegen gewapende groeperingen te intensiveren, de militaire samenwerking met de Verenigde Staten en \u201eIsra\u00ebl\u201c te versterken en <a href=\"https:\/\/english.almayadeen.net\/news\/politics\/colombia-s-president-elect-moves-to-restore-ties-with--israe\">de diplomatieke betrekkingen met \u201eIsra\u00ebl\u201c te herstellen<\/a>.<\/p>\n\n\n\n<p class=\"wp-block-paragraph\">Petro verbrak in 2024 de diplomatieke banden met \u201eIsra\u00ebl\u201c uit protest tegen de oorlog tegen Gaza. Zijn regering steunde ook de zaak tegen \u201eIsra\u00ebl\u201d voor het Internationaal Gerechtshof, legde de uitvoer van steenkool naar de bezette gebieden stil en schortte de invoer van wapens uit \u201eIsra\u00ebl\u201d op.<\/p>\n\n\n\n<hr class=\"wp-block-separator has-alpha-channel-opacity\"\/>\n\n\n\n<p class=\"wp-block-paragraph\">Gerelateerd (eerder artikelen in dit archief):<\/p>\n\n\n\n<ul class=\"wp-block-list\">\n<li><a href=\"https:\/\/www.handsoffvenezuela.nl\/caribic\/2026\/06\/03\/de-colombiaanse-president-wijst-op-bewijs-van-fraude\/\">De Colombiaanse president wijst op \u2018bewijs van fraude\u2019 bij de presidentsverkiezingen<\/a> &#8211; Telesur 3 juni 2026 [ES] orinocotribune 3 juni 2026<\/li>\n\n\n\n<li><a href=\"https:\/\/www.handsoffvenezuela.nl\/caribic\/2023\/07\/17\/colombia-gustavo-petro-de-eerste-linkse-president\/\">Colombia: Gustavo Petro, de eerste linkse president na 200 jaar van rechtse regeringen<\/a> &#8211; Marleen Bosmans, Marc Vandepitte DeWereldMorgen maandag 17 juli 2023<\/li>\n\n\n\n<li><a href=\"https:\/\/www.handsoffvenezuela.nl\/caribic\/2023\/06\/16\/colombiaanse-procureur-generaal-probeert-petro-regering-ten-val-te-brengen\/\">Colombiaanse procureur-generaal probeert Petro-regering ten val te brengen<\/a> &#8211; Hans Weber america21 16 juni 2023<\/li>\n\n\n\n<li><a href=\"https:\/\/www.handsoffvenezuela.nl\/caribic\/2023\/06\/07\/we-geven-niet-toe-aan-chantage\/\">\u201cWe geven niet toe aan chantage\u201d: Colombianen verdedigen regering en progressieve hervormingen<\/a> &#8211; Zoe Alexandra Peoples Dispatch, 7 juni 2023<\/li>\n\n\n\n<li><a href=\"https:\/\/www.handsoffvenezuela.nl\/caribic\/2023\/06\/07\/colombiaanse-oppositie-en-rechtse-media-intensiveren-destabilisatiecampagne\/\">Colombiaanse oppositie en rechtse media intensiveren destabilisatiecampagne tegen regering Gustavo Petro<\/a> &#8211; Peoples Dispatch 7 juni 2023<\/li>\n\n\n\n<li><a href=\"https:\/\/www.handsoffvenezuela.nl\/caribic\/2023\/06\/07\/colombiaanse-conservatieven-willen-soft-coup\/\">Colombiaanse conservatieven willen soft-coup tegen president Petro<\/a> \u2013 Telesur, 7 mei 2023<\/li>\n\n\n\n<li><a href=\"https:\/\/www.handsoffvenezuela.nl\/caribic\/2023\/06\/07\/waarschuwing-soft-coup-wordt-voorbereid-in-colombia\/\">Waarschuwing: Soft-coup wordt voorbereid in Colombia.<\/a>\u2013 Junge Welt 7 juni 2023<\/li>\n\n\n\n<li><a href=\"https:\/\/www.handsoffvenezuela.nl\/caribic\/2023\/06\/06\/zachte-staatsgreep-in-colombia-smerige-aanvallen-en-media-intimidatie\/\">Zachte staatsgreep in Colombia: Smerige aanvallen en media-intimidatie<\/a> \u2013 Ana Perdig\u00f3n RedRadioVE 5 juni 2023,<\/li>\n\n\n\n<li><a href=\"https:\/\/www.handsoffvenezuela.nl\/caribic\/2023\/06\/03\/colombia-petro-verwijdert-ambassadeur-benedetti-tijdelijk-uit-regering\/\">Colombia: Petro verwijdert ambassadeur Benedetti tijdelijk uit regering<\/a> \u2013 Ana Perdig\u00f3n redradiove 2 juni 2023<\/li>\n\n\n\n<li><a href=\"https:\/\/www.handsoffvenezuela.nl\/caribic\/2023\/05\/31\/colombias-openbaar-ministerie-doet-inval\/\">Colombia\u2019s openbaar ministerie doet inval in het kantoor van de president<\/a> \u2013 Adriaan Alsema colombiareports.com 31 mei 2023<\/li>\n\n\n\n<li><a href=\"https:\/\/www.handsoffvenezuela.nl\/caribic\/2023\/05\/29\/pentagon-stuurt-troepen-naar-peru\/\">Pentagon stuurt troepen om moordenaars van Peruaanse coup regime te trainen<\/a> \u2013 Bill Van Auken, world socialists website 29 mei 2023<\/li>\n\n\n\n<li><a href=\"https:\/\/www.handsoffvenezuela.nl\/caribic\/2023\/05\/27\/waarom-trekken-amerikaanse-militairen-naar-peru\/\">Waarom trekken Amerikaanse militairen naar Peru?<\/a> \u2013 Nick Corbishley nakedcapitalism 26 mei 2023<\/li>\n\n\n\n<li><a href=\"https:\/\/www.handsoffvenezuela.nl\/caribic\/2023\/05\/19\/peru-laat-amerikaanse-troepen-toe\/\">Peru laat Amerikaanse troepen toe voor \u2018militaire training\u2019<\/a> \u2013 hispantv 19 mei 2023<\/li>\n\n\n\n<li><a href=\"https:\/\/www.handsoffvenezuela.nl\/caribic\/2023\/04\/27\/peru-kondigt-60-dagen-noodtoestand-af-in-zijn-grensgebieden\/\">Peru kondigt 60 dagen noodtoestand af in zijn grensgebieden<\/a> \u2013 Telesur 27 april 2023<\/li>\n\n\n\n<li><a href=\"https:\/\/www.handsoffvenezuela.nl\/caribic\/2023\/04\/17\/ultra-rechts-kondigt-coup-aan-in-colombia\/\">Ultra-rechts kondigt coup aan in Colombia via sociale media<\/a> \u2013 Hans Weber america21 17 april 2023<\/li>\n\n\n\n<li><a href=\"https:\/\/www.handsoffvenezuela.nl\/caribic\/2023\/03\/15\/monroe-doctrine-speelt-zich-af-in-peru\/\">Monroe Doctrine speelt zich af in Per\u00fa<\/a>\u00a0\u2013 Clau O\u2019Brien Moscoso blackagendareport 15 maart 2023\u00a0<\/li>\n\n\n\n<li><a href=\"https:\/\/www.handsoffvenezuela.nl\/caribic\/2023\/03\/06\/modus-operandi-van-de-peruaanse-lawfare\/\">Modus Operandi van de Peruaanse LawFare<\/a>\u00a0\u2013 Miguel Santos Garc\u00eda Global Research, 6 maart 2023<\/li>\n\n\n\n<li><a href=\"https:\/\/www.handsoffvenezuela.nl\/caribic\/2023\/01\/11\/hector-bejar-onderdrukking-in-peru\/\">H\u00e9ctor B\u00e9jar: Onderdrukking in Peru, na illegale afzetting van president Pedro Castillo<\/a>\u00a0\u2013 Hector Bejar, LIMA 9 januari 2023<\/li>\n\n\n\n<li><a href=\"https:\/\/www.handsoffvenezuela.nl\/caribic\/2022\/12\/30\/anti-oproer-oorlog-in-peru-2\/\">Anti-oproer oorlog. Amerikaanse bases en troepen in Peru \u2013 deel 2<\/a>\u00a0\u2013 Stella Calloni REDH-Cuba 30 december 2022<\/li>\n\n\n\n<li><a href=\"https:\/\/www.handsoffvenezuela.nl\/caribic\/2022\/12\/28\/anti-oproer-oorlog-in-peru-1\/\">Anti-oproer oorlog; Amerikaanse basissen en troepen in Peru, deel-1<\/a>\u00a0\u2013 Stella Calloni Resumen-English, 28 december 2022<\/li>\n\n\n\n<li><a href=\"https:\/\/www.handsoffvenezuela.nl\/caribic\/2022\/12\/24\/latijns-amerika-verwerpt-staatsgreep-in-peru\/\">Latijns-Amerika verwerpt staatsgreep in Peru \u2013 VS steunt ongekozen regime dat demonstranten doodt<\/a>\u00a0\u2013 Ben Norton multipolarista 24 december 2022<\/li>\n\n\n\n<li><a href=\"https:\/\/www.handsoffvenezuela.nl\/caribic\/2022\/12\/07\/historische-top-voor-kleine-boeren\/\">Historische top voor kleine boeren in Colombia met steun van de regering<\/a> \u2013 Hans Weber amerika21, 7 december 2022<\/li>\n\n\n\n<li><a href=\"https:\/\/www.handsoffvenezuela.nl\/caribic\/2022\/11\/03\/president-van-colombia-draagt-land-over\/\">President van Colombia draagt land van paramilitairen over aan boerencollectieven<\/a> \u2013 Hans-Peter Schmutz america21, 3 oktober 2022<\/li>\n<\/ul>\n","protected":false},"excerpt":{"rendered":"<p>Bron: Al Mayadeen English, 3 augustus 2026 ~~~ De Colombiaanse president Gustavo Petro heeft Isra\u00eblische instanties ervan beschuldigd met de presidentsverkiezingen via software te hebben geknoeid en verklaarde dat de verkozen president geen democratische legitimiteit bezit.<\/p>\n","protected":false},"author":1,"featured_media":13796,"comment_status":"closed","ping_status":"closed","sticky":false,"template":"","format":"standard","meta":{"footnotes":""},"categories":[52],"tags":[],"class_list":["post-13795","post","type-post","status-publish","format-standard","has-post-thumbnail","hentry","category-colombia"],"_links":{"self":[{"href":"https:\/\/www.handsoffvenezuela.nl\/index.php\/wp-json\/wp\/v2\/posts\/13795","targetHints":{"allow":["GET"]}}],"collection":[{"href":"https:\/\/www.handsoffvenezuela.nl\/index.php\/wp-json\/wp\/v2\/posts"}],"about":[{"href":"https:\/\/www.handsoffvenezuela.nl\/index.php\/wp-json\/wp\/v2\/types\/post"}],"author":[{"embeddable":true,"href":"https:\/\/www.handsoffvenezuela.nl\/index.php\/wp-json\/wp\/v2\/users\/1"}],"replies":[{"embeddable":true,"href":"https:\/\/www.handsoffvenezuela.nl\/index.php\/wp-json\/wp\/v2\/comments?post=13795"}],"version-history":[{"count":0,"href":"https:\/\/www.handsoffvenezuela.nl\/index.php\/wp-json\/wp\/v2\/posts\/13795\/revisions"}],"wp:featuredmedia":[{"embeddable":true,"href":"https:\/\/www.handsoffvenezuela.nl\/index.php\/wp-json\/wp\/v2\/media\/13796"}],"wp:attachment":[{"href":"https:\/\/www.handsoffvenezuela.nl\/index.php\/wp-json\/wp\/v2\/media?parent=13795"}],"wp:term":[{"taxonomy":"category","embeddable":true,"href":"https:\/\/www.handsoffvenezuela.nl\/index.php\/wp-json\/wp\/v2\/categories?post=13795"},{"taxonomy":"post_tag","embeddable":true,"href":"https:\/\/www.handsoffvenezuela.nl\/index.php\/wp-json\/wp\/v2\/tags?post=13795"}],"curies":[{"name":"wp","href":"https:\/\/api.w.org\/{rel}","templated":true}]}}