
{"id":13005,"date":"2025-08-18T09:05:07","date_gmt":"2025-08-18T07:05:07","guid":{"rendered":"https:\/\/openbaararchief.nl\/caribic\/?p=13005"},"modified":"2025-08-18T09:05:07","modified_gmt":"2025-08-18T07:05:07","slug":"de-zichzelf-vernietigende-weg-van-links-in-bolivia","status":"publish","type":"post","link":"https:\/\/www.handsoffvenezuela.nl\/index.php\/2025\/08\/de-zichzelf-vernietigende-weg-van-links-in-bolivia\/","title":{"rendered":"De zichzelf vernietigende weg van links in Bolivia"},"content":{"rendered":"\n<pre class=\"wp-block-preformatted\">Bron: William Camacaro<br><a href=\"https:\/\/coha.org\/the-bolivian-lefts-self-destructive-path\/\">coha 18 augustus 2025<\/a> ~~~ <\/pre>\n\n\n\n<p><strong>Het politieke landschap in Bolivia wordt momenteel gekenmerkt door een diepe, zelf veroorzaakte crisis binnen de Beweging naar het Socialisme (MAS), die gisteren culmineerde in een verpletterende verkiezingsnederlaag. <\/strong><\/p>\n\n\n\n<!--more-->\n\n\n\n<p>Toen het land de cruciale presidentsverkiezingen van 17 augustus 2025 naderde, raakten de leiders van de partij \u2013 met name voormalig president Evo Morales en president Luis Arce Catacora \u2013 verwikkeld in een reeks persoonlijke aanvallen en interne conflicten die de weg vrijmaakten voor hun eigen nederlaag. Deze politieke onverantwoordelijkheid, gedreven door ambities en factiegeest, heeft de terugkeer aan de macht mogelijk gemaakt van juist die rechtse krachten die de MAS jarenlang heeft geprobeerd te overwinnen.<\/p>\n\n\n\n<p>Deze <a href=\"https:\/\/www.oep.org.bo\/\">rechtse overwinning<\/a> vormt een aanzienlijke bedreiging voor progressief bestuur, zowel in Bolivia als in de regio. Aan de presidentsverkiezingen namen prominente oppositieleden deel, zoals Samuel Doria Medina, een miljardair en lid van de <a href=\"https:\/\/www.internacionalsocialista.org\/nuestras-reuniones\/comites\/america-latina-y-el-caribe\/reunion-del-comite-de-la-is-para-america-latina-y-el-caribe-en-montevideo-uruguay\/resolucion-sobre-bolivia\/\">Socialistische Internationale<\/a>. Hij gaf zich onmiddellijk gewonnen in de eerste ronde en steunde Rodrigo Paz Pereira, een sociaal-christelijke senator en zoon van de voormalige Boliviaanse president Jaime Paz Zamora. De senator heeft inmiddels de mogelijkheid genoemd om de plurinationale grondwet te hervormen, die de basis vormt van het lange proces van dekolonisatie. Een andere kandidaat, Jorge \u201cTuto\u201d Quiroga, die als tweede eindigde, heeft beloofd door te gaan naar de tweede ronde op 19 oktober in zijn streven om president te worden. Hij is een neoliberale bondgenoot van de voormalige Colombiaanse president <a href=\"https:\/\/www.diariolasamericas.com\/america-latina\/colombia-tuto-quiroga-ofrece-respaldo-expresidente-uribe-n4204487#google_vignette\">\u00c1lvaro Uribe<\/a> en een medestander van prominente rechtse figuren in de regio, waaronder <a href=\"https:\/\/www.diariolasamericas.com\/america-latina\/quiroga-destaca-determinacion-maria-corina-machado-ataques-del-regimen-n5360341\">Mar\u00eda Corina Machado<\/a> uit Venezuela, <a href=\"https:\/\/kchcomunicacion.com\/2025\/04\/20\/evo-morales-dice-que-daniel-noboa-es-asesor-de-tuto-quiroga-candidato-a-la-presidencia-de-bolivia\/\">Daniel Noboa<\/a> uit Ecuador, Dina Boluarte uit Peru en <a href=\"https:\/\/www.batimes.com.ar\/news\/latin-america\/bolivia-right-wing-presidential-hopeful-vows-radical-change.phtml\">Javier Milei<\/a> uit Argentini\u00eb, waarmee hij een breed front vormt tegen links in Latijns-Amerika.<\/p>\n\n\n\n<p>De nederlaag van links was aan zichzelf te wijten. Aan de ene kant stond Andr\u00f3nico Rodr\u00edguez, een inheemse leider van de cocatelersbeweging van Chapare. Ondanks dat hij een prot\u00e9g\u00e9 was van Evo Morales, werd hij door sommige aanhangers van Morales als \u201cverrader\u201d bestempeld omdat hij zich met zijn prille politieke partij, Popular Unity, kandidaat had gesteld voor het presidentschap, na de controversi\u00eble diskwalificatie van Morales&#8217; kandidatuur. De andere linkse kandidaat was Eduardo del Castillo, de offici\u00eble kandidaat van de MAS, een voormalig minister die in de gunst stond bij de regering-Arce. De nominatie van Del Castillo, een blanke man, in een land met een inheemse meerderheid was een politieke fout die hem tot een onhoudbare kandidaat maakte voor de belangrijkste kiezersgroep van de partij.<\/p>\n\n\n\n<p>De politieke gevolgen van deze verkiezingsnederlaag zullen waarschijnlijk ernstig zijn. Kandidaat Samuel Doria Medina heeft bij zijn steunbetuiging aan de winnaar van de eerste ronde al <a href=\"https:\/\/www.noticiasfides.com\/nacional\/politica\/doria-medina-pide-liberacion-de-presos-del-caso-terrorismo-por-estancamiento-del-proceso-341544\">verklaard<\/a> dat politieke gevangenen moeten worden vrijgelaten. Dit maakt de weg vrij voor de terugkeer van figuren als Jeanine \u00c1\u00f1ez, die door Boliviaanse openbare aanklagers werd aangeklaagd voor de hoofdverantwoordelijkheid tijdens haar interim-presidentschap voor de moord op tientallen inheemse mensen tijdens protesten ter verdediging van de democratie, en Luis Fernando Camacho, die de architect was van de staatsgreep en verantwoordelijk was voor de brute onderdrukking van inheemse volkeren tijdens hun verzet tegen de dictatuur van \u00c1\u00f1ez in 2019.<\/p>\n\n\n\n<p>Een centrale factor in deze verpletterende nederlaag is de dramatische verdeeldheid binnen de MAS zelf. Nog maar vijf jaar geleden behaalde de partij 55% van de stemmen; vandaag de dag, verdeeld, behaalden haar twee belangrijkste kandidaten samen 11,3% van de stemmen. Hierdoor worden inheemse gemeenschappen geconfronteerd met drie extreemrechtse partijen, die allemaal min of meer neoliberaal zijn. Ze streven allemaal naar een hervorming van de <a href=\"https:\/\/erbol.com.bo\/nacional\/cambiar%C3%A1-la-asamblea-con-el-masismo-reducido-la-oposici%C3%B3n-tendr%C3%A1-la-llave-para-aprobar\">grondwet<\/a> en de privatisering van staatsbedrijven, en de inheemse bevolking zal zeer waarschijnlijk de sociale verworvenheden die ze de afgelopen jaren heeft bereikt, verliezen. Kandidaat Quiroga heeft al verklaard dat \u201c<a href=\"https:\/\/eldeber.com.bo\/santa-cruz\/tuto-quiroga-propone-la-titulacion-individual-de-la-tierra_526171\/\">land niet gemeenschappelijk is;<\/a> land heeft altijd \u00e9\u00e9n eigenaar\u201d, en sommige leiders van de oppositie hebben aangekondigd dat sommige leiders van de MAS mogelijk politiek vervolgd en gevangengezet zullen worden. Rodrigo Paz en Jorge \u201cTuto\u201d Quiroga zullen in de tweede ronde tegen elkaar strijden. De overwinning van rechts in Bolivia is niet alleen een regeringswisseling, maar luidt ook een terugkeer in naar koloniale overheersingsstructuren.<\/p>\n\n\n\n<p>Dit interne conflict is bijzonder tragisch gezien het historische belang van de MAS. De opkomst van de partij onder leiding van Evo Morales betekende een revolutionair \u2018veranderingsproces\u2019 dat voor het eerst in de Boliviaanse geschiedenis inheemse volkeren toegang gaf tot de hoogste niveaus van de regering. V\u00f3\u00f3r deze verandering werden inheemse volkeren systematisch gediscrimineerd, onder meer door hen te verbieden offici\u00eble overheidsgebouwen, zoals het congres, te betreden wanneer ze hun traditionele kleding droegen of hun moedertaal spraken. De MAS was meer dan alleen een politieke partij; het was een instrument van politieke en sociale bevrijding voor een lang gemarginaliseerde bevolkingsgroep, gebaseerd op een progressieve agenda en geleid door inheemse volkeren.<\/p>\n\n\n\n<p>Toen Evo Morales werd gediskwalificeerd als kandidaat en uit de MAS werd gezet, ondermijnden de interne strijd tussen de partijleiders de kansen van de partij om aan de macht te blijven. \u00c1lvaro Garc\u00eda Linera, de voormalige vicepresident van Evo Morales, verklaarde tegenover de BBC dat de partijen &#8220;op zoek waren naar manieren om voordeel te behalen in hun <a href=\"https:\/\/www.bbc.com\/mundo\/articles\/cp4w21vl9wxo\">strijd tegen elkaar<\/a>. Luis Arce vecht om te voorkomen dat Evo Morales zich kandidaat stelt. Evo Morales wil Luis Arce verzwakken om zijn kandidatuur mogelijk te maken.&#8221;<\/p>\n\n\n\n<p>Naast de wederzijdse beschuldigingen tussen Evo en president Arce, werkten de leiders van de MAS in het Plurinationaal Congres eraan om het economische beleid van de regering van president te <a href=\"https:\/\/hemeroteca.larazon.bo\/nacional\/2024\/05\/18\/boicot-y-reunion-opositora-en-eeuu-arce-dice-que-la-derecha-se-esta-afilando-para-las-elecciones\/\">torpederen<\/a>. En natuurlijk was de oproep van Evo Morales aan zijn aanhangers om <a href=\"https:\/\/www.telesurenglish.net\/evo-morales-calls-bolivian-election-outcome-a-punishment-vote\/\">ongeldig te stemmen<\/a> politiek gezien zelfmoord. Het moet duidelijk zijn dat dit geen nederlaag voor het socialisme is; het is een nederlaag die is veroorzaakt door <a href=\"https:\/\/www.telesurtv.net\/bolivia-division-izquierda-triunfo-derecha\/\">verdeeldheid<\/a> binnen de revolutionaire gelederen en aangewakkerd door de Boliviaanse mainstream media en elementen uit het bedrijfsleven in Santa Cruz en de Verenigde Staten.<\/p>\n\n\n\n<p>Het is waarschijnlijk dat Washington heeft geprofiteerd van de verdeeldheid binnen M\u00c1S in de aanloop naar deze <a href=\"https:\/\/www.prensa-latina.cu\/2025\/04\/15\/denuncian-injerencia-de-eeuu-en-fallido-golpe-de-estado-en-bolivia\/\">verkiezingsramp<\/a>. De VS hadden de <a href=\"https:\/\/www.prensa-latina.cu\/2025\/04\/15\/denuncian-injerencia-de-eeuu-en-fallido-golpe-de-estado-en-bolivia\/\">staatsgreep<\/a> tegen Evo Morales in 2019 gesteund. In 2024 bevestigde een uitgelekte geluidsopname van de zaakgelastigde van de Amerikaanse ambassade in La Paz het bestaan van een Amerikaans plan om in te grijpen in de politieke aangelegenheden van Bolivia om het veranderingsproces (proceso de cambio) te ondermijnen. Minister-adviseur van de Amerikaanse ambassade in La Paz,<a href=\"https:\/\/elradar.info\/?p=35495\"> Debra Hevia<\/a>, zei: &#8220;We werken al lange tijd aan verandering in Bolivia. Tijd is voor ons van essentieel belang, maar om echte verandering te bewerkstelligen, moeten Evo en Arce de macht verlaten en dat hoofdstuk afsluiten. Vanaf nu gaan we ons meer inzetten met onze ambassade om onze bondgenoten, organisaties en medewerkers te versterken. Onze regering heeft bijvoorbeeld altijd beurzen aangeboden in Bolivia, en nu gaan we nog meer beurzen aanbieden, omdat jongeren onze agenten van verandering zijn en heel, heel belangrijk zijn.&#8221;<\/p>\n\n\n\n<p>Ondanks buitenlandse inmenging waren het interne verdeeldheid binnen de MAS die leidden tot de vervreemding van de achterban en de daaruit voortvloeiende verkiezingsuitslag. Mar\u00eda Soledad, een socioloog en activist uit Cochabamba, bevestigt dat wat er gebeurd is een echte tragedie is: \u201cEvo Morales en Luis Arce Catacora hebben in drie jaar tijd alle kracht verspild en uitgeput die duizenden Bolivianen in tientallen jaren van politiek werk hadden opgebouwd. Nu begint een zeer lange periode van wederopbouw in een land waar inheemse volkeren worden veracht vanwege hun afkomst. Het enige positieve is dat dit geen nieuw begin is, want dit land zal nooit meer terugkeren naar wat het was v\u00f3\u00f3r het veranderingsproces.\u201d<\/p>\n\n\n\n<p>De enige manier waarop links in Bolivia het pad van dekolonisatie en democratische participatie van inheemse volkeren kan herstellen, is door de eenheid tussen de progressieve grassrootsbewegingen te herstellen.<\/p>\n\n\n\n<p>Op 8 december 2012 sprak president Hugo Ch\u00e1vez in zijn laatste live televisietoespraak het Venezolaanse volk toe. Kort na deze gebeurtenis reisde Ch\u00e1vez naar Cuba voor medische behandeling en overleed op 5 maart 2013. In die <a href=\"https:\/\/www.youtube.com\/watch?v=4WcwJI9hzLI\">toespraak<\/a> zei president Ch\u00e1vez: &#8220;Patriotten van Venezuela, mannen en vrouwen, met een knie op de grond \u2013 Eenheid, eenheid, eenheid van de patriotten. Diegenen die willen profiteren van moeilijke omstandigheden om hun inspanningen voort te zetten om het neoliberale kapitalisme te herstellen en het vaderland te vernietigen, zijn talrijk. Ze zullen niet slagen. Hoe groot de moeilijkheden ook zijn waarmee we worden geconfronteerd, hoe ernstig ook. De verantwoordelijkheid van alle patriotten, revolutionairen, degenen die hun vaderland tot in het diepst van hun hart voelen \u2026 is eenheid, strijd, strijd en overwinning!\u201d<\/p>\n\n\n\n<p><em><strong>William Camacaro <\/strong>is een Venezolaanse-Amerikaanse nationaal co\u00f6rdinator bij de Alliance for Global Justice [AFGJ]. Hij was medeoprichter van de Bolivarian Circle of New York \u201cAlberto Lovera\u201d en senior analist bij de Council on Hemispheric Affairs (COHA). Hij heeft een master in beeldende kunst en een master in Latijns-Amerikaanse literatuur van de City University of New York. William heeft gepubliceerd in de Monthly Review, Counterpunch, COHA, het Afro-America Magazine, Ecology, Orinoco Tribune en andere media. Hij heeft delegaties naar Ecuador, Bolivia en Venezuela georganiseerd. Hij is al lange tijd activist voor sociale rechtvaardigheid in de Verenigde Staten, bijvoorbeeld door protesten te organiseren tegen politiegeweld in New York City, voor de onafhankelijkheid van Puerto Rico en voor de vrijheid van politieke gevangenen. William is ook een voorvechter geweest voor progressieve regeringen en sociale bewegingen in Latijns-Amerika.<\/em><\/p>\n\n\n\n<p><em>Topfoto: Evo Morales spreekt tijdens een bijeenkomst in Chapare, Cochabamba, juni 2025 | Radio Kawsachun Coca<\/em><\/p>\n\n\n\n<hr class=\"wp-block-separator has-alpha-channel-opacity\"\/>\n\n\n\n<p> Gerelateerd (berichten in dit archief):<\/p>\n\n\n\n<p><\/p>\n\n\n\n<ul class=\"wp-block-list\">\n<li><a href=\"https:\/\/openbaararchief.nl\/caribic\/2025\/07\/01\/bolivia-betuttelende-democratie\/\">Bolivia: Betuttelende Democratie en het Risico van een Ramp<\/a> &#8211; Hern\u00e1n Viudes covertactionmagazine 1 juli 2025<\/li>\n\n\n\n<li><a href=\"https:\/\/openbaararchief.nl\/caribic\/2025\/05\/17\/bolivia-op-de-vooravond-van-afwijkende-verkiezingen\/\">Bolivia, op de vooravond van beslissende verkiezingen<\/a> &#8211; Marina Men\u00e9ndez Quintero juventudrebelde.cu 15 mei 2025<\/li>\n\n\n\n<li><a href=\"https:\/\/openbaararchief.nl\/caribic\/2025\/05\/10\/bolivia-blok-luis-arce-kiest-leiderschap-mas\/\">Bolivia: Blok Luis Arce kiest leiderschap MAS<\/a> \u2013 Resumen 5 mei 2024<\/li>\n\n\n\n<li><a href=\"https:\/\/openbaararchief.nl\/caribic\/2025\/05\/01\/venezuela-waarschuwt-tegen-verdeling-in-bolivia\/\">Venezuela waarschuwt dat Washington probeert de revolutionaire krachten in Bolivia te verdelen<\/a> \u2013 Alba Ciudad 29 april 2025<\/li>\n\n\n\n<li><a href=\"https:\/\/openbaararchief.nl\/caribic\/2024\/11\/04\/rechts-verheugt-zich\/\">Rechts verheugt zich<\/a> \u2013 Volker Hermsdorf Junge Welt 4 november 2024<\/li>\n\n\n\n<li><a href=\"https:\/\/openbaararchief.nl\/caribic\/2024\/07\/13\/boliviaanse-regering-bereikt-akkoord-zonder-morales\/\">Boliviaanse regering bereikt akkoord om verkiezingproces te hervatten (maar zonder Evo Morales)<\/a> \u2013<\/li>\n\n\n\n<li><a href=\"https:\/\/openbaararchief.nl\/caribic\/2024\/07\/02\/zelfcoup-in-bolivia-het-probleem-met-complottheorieen\/\">Zelfcoup in Bolivia? Het probleem met complottheorie\u00ebn<\/a> \u2013 Raphael Machado strategic-culture 2 juli 2024<\/li>\n\n\n\n<li><a href=\"https:\/\/openbaararchief.nl\/caribic\/2024\/06\/29\/bolivia-een-staatsgreep-voor-destabilisatie\/\">Bolivia: Een staatsgreep voor destabilisatie en afgedwongen vervroegde verkiezingen<\/a> \u2013 Interview van Fernando Esteche met Hugo Moldiz, United World Internationaal 29 juni 2024<\/li>\n\n\n\n<li><a href=\"https:\/\/openbaararchief.nl\/caribic\/2024\/06\/29\/hoe-het-boliviaanse-volk-de-staatsgreep-neersloeg\/\">Hoe het Boliviaanse volk de staatsgreep neersloeg<\/a> \u2013 teleSURJuni 28, 2024<\/li>\n\n\n\n<li><a href=\"https:\/\/openbaararchief.nl\/caribic\/2024\/06\/27\/ex-cia-officier-verklaart-mogelijke-motieven\/\">Ex-CIA-officier verklaart mogelijke motieven mislukte Boliviaanse couppoging<\/a> \u2013 sputnikglobe 27 juli 2024<\/li>\n\n\n\n<li><a href=\"https:\/\/openbaararchief.nl\/caribic\/2024\/06\/27\/poging-tot-staatsgreep-in-bolivia-veroordeeld\/\">Poging tot staatsgreep in Bolivia veroordeeld op regionaal en internationaal niveau<\/a> \u2013<\/li>\n\n\n\n<li><a href=\"https:\/\/openbaararchief.nl\/caribic\/2024\/06\/27\/voormalig-vp-van-bolivia\/\">Voormalig VP van Bolivia: Ruzie en strijd maken dat wij grotere vijanden niet zien<\/a> \u2013 pagina12 27 juni 2024 [ES] orinocotribune 29 juni 2024<\/li>\n\n\n\n<li><a href=\"https:\/\/openbaararchief.nl\/caribic\/2024\/06\/29\/bolivia-de-staatsgreep-wordt-nog-voorbereid\/\">Bolivia: de staatsgreep is niet mislukt; hij wordt nog voorbereid<\/a> \u2013 Eduardo Vasco strategic culture foundation 27 juni 2024<\/li>\n\n\n\n<li><a href=\"https:\/\/openbaararchief.nl\/caribic\/2024\/06\/27\/kortstondige-militaire-coup-mislukt-tegen-arce-in-bolivia\/\">Kortstondige militaire coup mislukt tegen Arce in Bolivia<\/a> \u2013 Andrea Lobo WorldSocialistsWebsite 27 juni 2024<\/li>\n\n\n\n<li><a href=\"https:\/\/openbaararchief.nl\/caribic\/2024\/06\/27\/mislukte-poging-tot-staatsgreep-in-bolivia\/\">Mislukte poging tot staatsgreep in Bolivia<\/a> \u2013 Telesur 26 juni 2024<\/li>\n\n\n\n<li><a href=\"https:\/\/openbaararchief.nl\/caribic\/2024\/03\/04\/bolivias-plurinationale-project-op-een-cruciaal-punt\/\">Bolivia\u2019s Plurinationale Project op een cruciaal punt<\/a> \u2013 Misi\u00f3n Verdad 3 mrt 2024 (ES) orinocotribune 4 maart 2024<\/li>\n\n\n\n<li><a href=\"https:\/\/openbaararchief.nl\/caribic\/2023\/01\/26\/southcom-chief-wil-meer-imperialistische-plundering\/\">SOUTHCOM Chief wil meer imperialistische plundering van de grondstoffen van Latijns-Amerika<\/a> \u2013 Luigi Morris leftvoice.org 26 januari 2023<\/li>\n\n\n\n<li><a href=\"https:\/\/openbaararchief.nl\/caribic\/2023\/01\/27\/jaaroverzicht-2022-latijns-amerika-en-de-cariben\/\">Jaaroverzicht 2022 Latijns-Amerika en de Cariben<\/a> \u2013 Roger D. Harris MLtoday, 9 januari 2023<\/li>\n\n\n\n<li><a href=\"https:\/\/openbaararchief.nl\/caribic\/2023\/01\/14\/de-extreemrechtse-beweging-in-santa-cruz-bolivia\/\">De extreemrechtse beweging in Santa Cruz, Bolivia<\/a> \u2013 Cindy Forster kawsachunNews 14 januari 2023<\/li>\n\n\n\n<li><a href=\"https:\/\/openbaararchief.nl\/caribic\/2023\/01\/13\/bolivia-marcheert-tegen-rechtse-couppogingen\/\">Protestmarsen in Bolivia tegen rechtse couppogingen<\/a> \u2013 TelesurTV 12 januari 2023<\/li>\n\n\n\n<li><a href=\"https:\/\/openbaararchief.nl\/caribic\/2023\/01\/07\/boliviaanse-vakbonden-massaal-voor-president-luis-arce\/\">Boliviaanse vakbonden massaal voor president Luis Arce<\/a> \u2013 kawsachunnews 7 januari 2023<\/li>\n\n\n\n<li><a href=\"https:\/\/openbaararchief.nl\/caribic\/2022\/12\/31\/bolivia-arrestatie-van-camacho-leidt-tot-geweld\/\">Bolivia: arrestatie van rechtse oppositieleider Camacho leidt tot escalatie van geweld<\/a> \u2013 Lia Helguero Kandt amerika21 31 december 2022<\/li>\n\n\n\n<li><a href=\"https:\/\/openbaararchief.nl\/caribic\/2022\/12\/09\/president-van-bolivia-roept-op-tot-eenheid\/\">President van Bolivia roept op tot eenheid om pogingen tot staatsgreep te weerstaan<\/a> \u2013 Ariadna Eljuri, ultimasnoticias 3 december 2022<\/li>\n\n\n\n<li><a href=\"https:\/\/openbaararchief.nl\/caribic\/2022\/11\/18\/bolivianen-zullen-een-nieuwe-staatsgreep-niet-toestaan\/\">\u201cBolivianen zullen een nieuwe staatsgreep niet toestaan\u201d zegt Gabriel Villalba P\u00e9rez<\/a> \u2013 Tanya Wadhwa peoplesdispatch.org 18 november 2022<\/li>\n\n\n\n<li><a href=\"https:\/\/openbaararchief.nl\/caribic\/2022\/11\/14\/bolivia-boeren-in-santa-cruz-omschrijven-aanval\/\">Bolivia: Boeren in Santa Cruz omschrijven aanval op faciliteiten als terrorisme, Camacho Coup in de maak<\/a> \u2013 ultimasnoticias 13 november 2022<\/li>\n\n\n\n<li><a href=\"https:\/\/openbaararchief.nl\/caribic\/2022\/11\/14\/bolivia-inheemse-bewegingen-eisen-bestraffing-van-fascisten\/\">Bolivia: inheemse bewegingen eisen bestraffing van fascisten<\/a> \u2013 kawsachunnews 14 november 2022<\/li>\n\n\n\n<li><a href=\"https:\/\/openbaararchief.nl\/caribic\/2022\/11\/12\/bolivia-mensenrechtenorganisatie-waarschuwt\/\">Bolivia Mensenrechtenorganisatie waarschuwt voor para-statelijk geweld tegen Campesinos<\/a> \u2013 kawsachunnews 12 november 2022<\/li>\n\n\n\n<li><a href=\"https:\/\/openbaararchief.nl\/caribic\/2022\/11\/10\/president-arce-roept-op-tot-de-verdediging-van-de-democratie-en-de-regering-tegen-de-acties-van-reactionair-rechts\/\">President Arce roept op tot de verdediging van de democratie en de regering tegen de acties van \u201creactionair rechts\u201d<\/a> \u2013 Isra\u00ebl Barrenechea kawsachuncoca 9 november 2022<\/li>\n\n\n\n<li><a href=\"https:\/\/openbaararchief.nl\/caribic\/2022\/11\/08\/bolivia-in-het-vizier-van-het-yankee-hegemonisme\/\">Bolivia in het vizier van het Yankee Hegemonisme<\/a> \u2013 Ra\u00fal Antonio Capote granma 8 november 2022,<\/li>\n\n\n\n<li><a href=\"https:\/\/openbaararchief.nl\/caribic\/2022\/11\/01\/bolivia-elitaire-poging-tot-staatsgreep-in-santa-cruz\/\">Bolivia: Elitaire poging tot staatsgreep in Santa Cruz<\/a> \u2013 \u00c1ngel Guerra Cabrera Resumen 27 oktober 2022<\/li>\n\n\n\n<li><a href=\"https:\/\/openbaararchief.nl\/ww3\/2022\/09\/19\/choquehuanca-presenteert-het-boliviaans-dekolonisatieproces_video\/\">Choquehuanca presenteert het Boliviaans \u201cdekolonisatieproces\u201d op het ManiFiesta Festival in Belgi\u00eb [VIDEO]<\/a> \u2013 abi.bo 18 september 2022<\/li>\n\n\n\n<li><a href=\"https:\/\/openbaararchief.nl\/caribic\/2022\/09\/16\/imf-vertelt-bolivia-zijn-succesvol-economisch-model-te-stoppen\/\">IMF vertelt Bolivia zijn succesvol economisch model te stoppen<\/a> \u2013 kawsachunnews 16 september 2022<\/li>\n\n\n\n<li><a href=\"https:\/\/openbaararchief.nl\/caribic\/2022\/09\/15\/de-nieuwe-plurinationale-staat-bolivia\/\">De nieuwe Plurinationale staat Bolivia<\/a> \u2013 Samenvatting van Manifest van David Choquehuanca, september 2022<\/li>\n\n\n\n<li><a href=\"https:\/\/openbaararchief.nl\/ww3\/2022\/09\/15\/naar-een-nieuw-bolivia_manifest\/\">Naar een nieuw Bolivia \u2013 de confrontatie met het kapitalisme aangaan en de cultuur van het leven opbouwen<\/a> \u2013 David Choquehuanca, Vice President van Bolivia Manifest \u2013 september 2022<\/li>\n\n\n\n<li><a href=\"https:\/\/openbaararchief.nl\/caribic\/2022\/07\/07\/argentijnen-sparen-in-boliviaanse-munt\/\">Argentijnen sparen in Boliviaanse munt<\/a> \u2013 kawsachunnews 7 juli 2022<\/li>\n\n\n\n<li><a href=\"https:\/\/openbaararchief.nl\/caribic\/2022\/05\/16\/waarom-bolivia-het-centrum-van-de-wereld-is-voor-volksbewegingen\/\">Waarom \u2018Bolivia het centrum van de wereld is\u2019 voor volksbewegingen<\/a> \u2013 Rogelio Mayta struggle-la-lucha 16 mei 2022<\/li>\n\n\n\n<li><a href=\"https:\/\/openbaararchief.nl\/ww3\/2022\/03\/09\/de-voormalige-boliviaanse-president-evo-morales-lanceert-een-wereldwijde-campagne\/\">De voormalige Boliviaanse president Evo Morales lanceert een wereldwijde campagne om de NAVO \u201caf te schaffen\u201d<\/a> \u2013 Carlos Eduardo S\u00e1nchez ultimasnoticias 9 maart 2022<\/li>\n\n\n\n<li><a href=\"https:\/\/openbaararchief.nl\/caribic\/2021\/12\/02\/bolivia-heeft-de-laagste-inflatie-in-latijns-amerika\/\">Bolivia heeft de laagste inflatie in Latijns-Amerika<\/a> \u2013 kawsachunnews 2 december 2021<\/li>\n\n\n\n<li><a href=\"https:\/\/openbaararchief.nl\/caribic\/2021\/12\/02\/meer-dan-15-miljoen-bolivianen-betogen-met-evo-morales\/\">Meer dan 1,5 miljoen Bolivianen betogen met Evo Morales voor democratie en voor de regering van president Arce<\/a> \u2013 Tanya Wadhwa peoplesdispatch 1 december 2021<\/li>\n\n\n\n<li><a href=\"https:\/\/openbaararchief.nl\/caribic\/2021\/11\/25\/mars-voor-het-vaderland-begint-in-bolivia\/\">Mars voor het vaderland begint in Bolivia ter ondersteuning van de regering van president Arce<\/a> \u2013 eoples Dispatch 25 november 2021<\/li>\n\n\n\n<li><a href=\"https:\/\/openbaararchief.nl\/caribic\/2021\/11\/11\/bolivias-president-arce-waarschuwt\/\">Bolivia\u2019s president Arce waarschuwt: \u201cWe zullen geen staatsgreep meer toestaan<\/a> \u2013 telesur 11 november 2021<\/li>\n\n\n\n<li><a href=\"https:\/\/openbaararchief.nl\/caribic\/2019\/11\/11\/staatsgreep-in-bolivia-onder-leiding-van-christelijke-fascistische-paramilitaire-leider-en-multimiljonair-met-buitenlandse-steun\/\">Staatsgreep in Bolivia onder leiding van christelijke fascistische paramilitaire leider en multimiljonair \u2013 met buitenlandse steun<\/a> \u2013 Max Blumenthal en Ben Norton op thegrayzone, 11 november 2019<\/li>\n<\/ul>\n\n\n\n<p><\/p>\n","protected":false},"excerpt":{"rendered":"<p>Bron: William Camacarocoha 18 augustus 2025 ~~~ Het politieke landschap in Bolivia wordt momenteel gekenmerkt door een diepe, zelf veroorzaakte crisis binnen de Beweging naar het Socialisme (MAS), die gisteren culmineerde in een verpletterende verkiezingsnederlaag.<\/p>\n","protected":false},"author":1,"featured_media":13006,"comment_status":"closed","ping_status":"closed","sticky":false,"template":"","format":"standard","meta":{"footnotes":""},"categories":[6],"tags":[],"class_list":["post-13005","post","type-post","status-publish","format-standard","has-post-thumbnail","hentry","category-bolivia"],"_links":{"self":[{"href":"https:\/\/www.handsoffvenezuela.nl\/index.php\/wp-json\/wp\/v2\/posts\/13005","targetHints":{"allow":["GET"]}}],"collection":[{"href":"https:\/\/www.handsoffvenezuela.nl\/index.php\/wp-json\/wp\/v2\/posts"}],"about":[{"href":"https:\/\/www.handsoffvenezuela.nl\/index.php\/wp-json\/wp\/v2\/types\/post"}],"author":[{"embeddable":true,"href":"https:\/\/www.handsoffvenezuela.nl\/index.php\/wp-json\/wp\/v2\/users\/1"}],"replies":[{"embeddable":true,"href":"https:\/\/www.handsoffvenezuela.nl\/index.php\/wp-json\/wp\/v2\/comments?post=13005"}],"version-history":[{"count":0,"href":"https:\/\/www.handsoffvenezuela.nl\/index.php\/wp-json\/wp\/v2\/posts\/13005\/revisions"}],"wp:featuredmedia":[{"embeddable":true,"href":"https:\/\/www.handsoffvenezuela.nl\/index.php\/wp-json\/wp\/v2\/media\/13006"}],"wp:attachment":[{"href":"https:\/\/www.handsoffvenezuela.nl\/index.php\/wp-json\/wp\/v2\/media?parent=13005"}],"wp:term":[{"taxonomy":"category","embeddable":true,"href":"https:\/\/www.handsoffvenezuela.nl\/index.php\/wp-json\/wp\/v2\/categories?post=13005"},{"taxonomy":"post_tag","embeddable":true,"href":"https:\/\/www.handsoffvenezuela.nl\/index.php\/wp-json\/wp\/v2\/tags?post=13005"}],"curies":[{"name":"wp","href":"https:\/\/api.w.org\/{rel}","templated":true}]}}